{"id":25847,"date":"2021-08-09T02:30:07","date_gmt":"2021-08-09T01:30:07","guid":{"rendered":"https:\/\/marinaportoantico.it\/six-perles-de-la-liguria-occidentale-a-decouvrir\/"},"modified":"2021-08-09T02:30:07","modified_gmt":"2021-08-09T01:30:07","slug":"six-perles-de-la-liguria-occidentale-a-decouvrir","status":"publish","type":"post","link":"https:\/\/marinaportoantico.it\/fr\/six-perles-de-la-liguria-occidentale-a-decouvrir\/","title":{"rendered":"Six perles de la Liguria occidentale \u00e0 d\u00e9couvrir"},"content":{"rendered":"<p><strong>Nous vous recommandons six perles enchanteresses de la Liguria occidentale accessibles en bateau depuis Marina Porto Antico<\/strong><\/p>\n<p><span style=\"font-weight: 400;\">Dans l&rsquo;article pr\u00e9c\u00e9dent, nous avons largu\u00e9 les amarres de nos quais pour vous guider \u00e0 la d\u00e9couverte des mouillages les plus abrit\u00e9s et les moins fr\u00e9quent\u00e9s de la riviera orientale ; aujourd&rsquo;hui, nous mettons le cap \u00e0 l&rsquo;ouest pour d\u00e9couvrir quelques-unes des plages les plus pittoresques de la Liguria occidentale accessibles en bateau.<\/span><\/p>\n<p><strong>Punta Crena, un coin secret \u00e0 Varigotti<\/strong><\/p>\n<p><span style=\"font-weight: 400;\"><img fetchpriority=\"high\" decoding=\"async\" class=\"alignright wp-image-21096\" src=\"https:\/\/marinaportoantico.it\/wp-content\/uploads\/2021\/08\/ponente-liguire-varigotti-spiaggia-di-punta-crena.jpg\" alt=\"liguria occidentale varigotti punta crena\" width=\"250\" height=\"313\" srcset=\"https:\/\/marinaportoantico.it\/wp-content\/uploads\/2021\/08\/ponente-liguire-varigotti-spiaggia-di-punta-crena.jpg 640w, https:\/\/marinaportoantico.it\/wp-content\/uploads\/2021\/08\/ponente-liguire-varigotti-spiaggia-di-punta-crena-240x300.jpg 240w\" sizes=\"(max-width: 250px) 100vw, 250px\" \/>Consid\u00e9r\u00e9e comme l&rsquo;une des plus belles plages de Liguria, nich\u00e9e entre des falaises \u00e0 pic, elle n&rsquo;est accessible que par la mer (le parcours terrestre est fortement d\u00e9conseill\u00e9), et se trouve entre le promontoire qui s\u00e9pare Varigotti de la Baie des Sarrasins. <\/span><\/p>\n<p><span style=\"font-weight: 400;\">Vous y trouverez une eau cristalline et une tranquillit\u00e9 incroyable ; la grotte qui se trouve derri\u00e8re offre une acoustique tr\u00e8s particuli\u00e8re.<\/span><\/p>\n<p><span style=\"font-weight: 400;\">Attention ! Cette zone est interdite aux bateaux \u00e0 moteur, mais on peut y acc\u00e9der en paddle, en cano\u00eb ou en canot pneumatique. Cela en vaut vraiment la peine !  <\/span><\/p>\n<p><b>44\u00b0 10&prime; 52&Prime; N, 8\u00b0 24&prime; 25&Prime; E<\/b><\/p>\n<p><a href=\"https:\/\/it.wikipedia.org\/wiki\/Isola_di_Bergeggi\" target=\"_blank\" rel=\"noopener\">\u00celot de Bergeggi<\/a><strong>, une \u00eele en forme de c\u0153ur<\/strong><\/p>\n<p><span style=\"font-weight: 400;\"><img decoding=\"async\" class=\"size-full wp-image-21100 alignleft\" src=\"https:\/\/marinaportoantico.it\/wp-content\/uploads\/2021\/08\/ponente-ligure-bergeggi.jpg\" alt=\"liguria occidentale bergeggi\" width=\"300\" height=\"270\">Prot\u00e9g\u00e9e par l&rsquo;aire marine prot\u00e9g\u00e9e, les eaux qui baignent cette authentique perle de la Liguria occidentale surprennent par leur transparence, la richesse des fonds marins et des organismes marins qui y habitent, c&rsquo;est en effet une destination incontournable pour les amateurs de <\/span><span style=\"font-weight: 400;\">snorkeling<\/span><span style=\"font-weight: 400;\"> et de <\/span> <span style=\"font-weight: 400;\">sea watching. Outre les plantes dans les zones les plus profondes, on trouve des mur\u00e8nes, des langoustes, des castagnoles et des sp\u00e9cimens de baudroie. <\/span><\/p>\n<p><span style=\"font-weight: 400;\">Appel\u00e9e <\/span><span style=\"font-weight: 400;\">aussi \u00eele de Saint-Eug\u00e8ne, elle \u00e9tait autrefois reli\u00e9e \u00e0 Bergeggi par une langue de terre aujourd&rsquo;hui disparue, elle c<\/span><span style=\"font-weight: 400;\">onserve d&rsquo;importants t\u00e9moignages historiques et arch\u00e9ologiques (dont des vestiges romains et des \u00e9difices monastiques). L&rsquo;\u00eele de Bergeggi est l&rsquo;un des rares sites de nidification du magnifique go\u00e9land leucoph\u00e9e. <\/span><\/p>\n<p><b>44\u00b0 14&prime; 02.8&Prime; N, 8\u00b0 26&prime; 41.3&Prime; E<\/b><\/p>\n<p><strong>Baie des Sir\u00e8nes et Plage des Anglais<\/strong><\/p>\n<p><span style=\"font-weight: 400;\"><img decoding=\"async\" class=\"alignright wp-image-21104\" src=\"https:\/\/marinaportoantico.it\/wp-content\/uploads\/2021\/08\/baia-delle-sirene-e-spiaggia-degli-inglesi.jpg\" alt=\"baie des sir\u00e8nes et plage des anglais\" width=\"250\" height=\"375\" srcset=\"https:\/\/marinaportoantico.it\/wp-content\/uploads\/2021\/08\/baia-delle-sirene-e-spiaggia-degli-inglesi.jpg 533w, https:\/\/marinaportoantico.it\/wp-content\/uploads\/2021\/08\/baia-delle-sirene-e-spiaggia-degli-inglesi-200x300.jpg 200w\" sizes=\"(max-width: 250px) 100vw, 250px\" \/>Face \u00e0 l&rsquo;\u00eelot de Bergeggi se trouvent ces deux magnifiques criques, cach\u00e9es comme des perles entre les rochers, dont les noms sont d\u00e9j\u00e0 \u00e9vocateurs.<\/span><\/p>\n<p><span style=\"font-weight: 400;\">La premi\u00e8re au titre fortement \u00e9vocateur, la seconde doit son nom \u00e0 l&rsquo;histoire captivante du paquebot anglais (Transylvania), coul\u00e9 pendant la premi\u00e8re guerre mondiale devant les c\u00f4tes par un sous-marin allemand. L&rsquo;\u00e9pave a \u00e9t\u00e9 retrouv\u00e9e le 6 octobre 2011 \u00e0 630 m de profondeur. <\/span><\/p>\n<p><span style=\"font-weight: 400;\">Ces derni\u00e8res ann\u00e9es n&rsquo;ont pas \u00e9t\u00e9 favorables pour ces baies, qui ont subi les dommages des temp\u00eates, le parcours terrestre est d\u00e9sormais impraticable, leur beaut\u00e9 tient aussi au fait qu&rsquo;elles sont peu accessibles et encore tr\u00e8s sauvages.<\/span><\/p>\n<p><b>44\u00b0 14&prime; 20&Prime; N, 8\u00b0 26&prime; 38&Prime; E<\/b><\/p>\n<p><b>44\u00b0 14&prime; 29.4&Prime; N, 8\u00b0 26&prime; 41.6&Prime; E<\/b><\/p>\n<p><strong>Baie des Sarrasins<\/strong><\/p>\n<p><span style=\"font-weight: 400;\"><img loading=\"lazy\" decoding=\"async\" class=\"alignleft wp-image-21108\" src=\"https:\/\/marinaportoantico.it\/wp-content\/uploads\/2021\/08\/ponente-ligure-baia-dei-saraceni.jpg\" alt=\"liguria occidentale baie des sarrasins\" width=\"440\" height=\"294\" srcset=\"https:\/\/marinaportoantico.it\/wp-content\/uploads\/2021\/08\/ponente-ligure-baia-dei-saraceni.jpg 768w, https:\/\/marinaportoantico.it\/wp-content\/uploads\/2021\/08\/ponente-ligure-baia-dei-saraceni-300x201.jpg 300w\" sizes=\"(max-width: 440px) 100vw, 440px\" \/>\u00c0 Malpasso, au pied du promontoire \u00e0 l&rsquo;ouest du Ch\u00e2teau de Varigotti, nous trouvons la Baie des Sarrasins qui, gr\u00e2ce \u00e0 ses eaux cristallines et \u00e0 son fond de sable blanc, n&rsquo;a rien \u00e0 envier \u00e0 une baie des Cara\u00efbes. Les parois verticales de roches qui l&rsquo;entourent et les tr\u00e8s rares constructions aux alentours contribuent \u00e0 un paysage pittoresque et pr\u00e9serv\u00e9. Il est possible d&rsquo;y jeter l&rsquo;ancre pour profiter de magnifiques plongeons au mouillage (pas moins de 200 m\u00e8tres de la c\u00f4te). Les criques et les anses voisines offrent de magnifiques panoramas et sont accessibles presque exclusivement par la mer.   <\/span><!--more--><\/p>\n<p><b>44\u00b0 11&prime; 2&Prime; N, 8\u00b0 24&prime; 31&Prime; E<\/b><\/p>\n<p><strong>Noli et Cap Noli<\/strong><\/p>\n<p><span style=\"font-weight: 400;\"><img loading=\"lazy\" decoding=\"async\" class=\"alignright wp-image-21112\" src=\"https:\/\/marinaportoantico.it\/wp-content\/uploads\/2021\/08\/noli.jpg\" alt=\"noli\" width=\"440\" height=\"292\" srcset=\"https:\/\/marinaportoantico.it\/wp-content\/uploads\/2021\/08\/noli.jpg 768w, https:\/\/marinaportoantico.it\/wp-content\/uploads\/2021\/08\/noli-300x199.jpg 300w\" sizes=\"(max-width: 440px) 100vw, 440px\" \/>En se d\u00e9pla\u00e7ant encore vers l&rsquo;ouest, nous rencontrons la derni\u00e8re \u00e9tape : Noli. Ancien bourg marin, avec ses typiques car\u00fcggi, c&rsquo;est l&rsquo;un des villages les plus caract\u00e9ristiques de la Liguria occidentale, avec un centre m\u00e9di\u00e9val encore intact, Noli m\u00e9rite certainement une visite \u00e0 pied avec ses petits restaurants et son histoire \u00e0 d\u00e9couvrir, mais les c\u00f4tes adjacentes vues de la mer sont un v\u00e9ritable paradis : la majest\u00e9 des falaises du Cap Noli, la mer cristalline offrent une vue \u00e0 couper le souffle d&rsquo;une beaut\u00e9 saisissante. <\/span><\/p>\n<p><b>44\u00b0 12&prime; 25.38&Prime; N, 8\u00b0 25&prime; 3.864&Prime; E<\/b><\/p>\n<p><b>44\u00b0 11&prime; 48&Prime; N, 8\u00b0 25&prime; 33&Prime; E<\/b><\/p>\n<p><strong>\u00cele de Gallinara entre \u00e9paves et go\u00e9lands leucoph\u00e9es<\/strong><\/p>\n<p><span style=\"font-weight: 400;\"><img loading=\"lazy\" decoding=\"async\" class=\"alignleft wp-image-21116\" src=\"https:\/\/marinaportoantico.it\/wp-content\/uploads\/2021\/08\/ponente-ligure-isola-di-gallinara.jpg\" alt=\"liguria occidentale \u00eele de gallinara\" width=\"440\" height=\"293\" srcset=\"https:\/\/marinaportoantico.it\/wp-content\/uploads\/2021\/08\/ponente-ligure-isola-di-gallinara.jpg 768w, https:\/\/marinaportoantico.it\/wp-content\/uploads\/2021\/08\/ponente-ligure-isola-di-gallinara-300x200.jpg 300w\" sizes=\"(max-width: 440px) 100vw, 440px\" \/>En naviguant vers l&rsquo;ouest jusqu&rsquo;\u00e0 Albenga, nous trouvons enfin l&rsquo;\u00cele Gallinara, dont les fonds marins sont consid\u00e9r\u00e9s comme R\u00e9serve R\u00e9gionale. Un v\u00e9ritable paradis entre nature et histoire.  <\/span><\/p>\n<p><span style=\"font-weight: 400;\">L&rsquo;\u00eele tire son nom des <\/span><b>poules sauvages<\/b><span style=\"font-weight: 400;\"> qui la peuplaient autrefois, aujourd&rsquo;hui elle abrite l&rsquo;une des plus grandes colonies de <\/span><b>nidification des go\u00e9lands leucoph\u00e9es<\/b><span style=\"font-weight: 400;\"> de la mer de Liguria.<\/span><\/p>\n<p><span style=\"font-weight: 400;\">S\u00e9par\u00e9e de la c\u00f4te par un chenal profond en moyenne de 12 m, elle a la forme d&rsquo;une tortue ; l&rsquo;\u00eele est recouverte en grande partie de v\u00e9g\u00e9tation typiquement m\u00e9diterran\u00e9enne, elle est entour\u00e9e de <\/span><b>c\u00f4tes d\u00e9coup\u00e9es<\/b><span style=\"font-weight: 400;\"> baign\u00e9es par une eau tr\u00e8s limpide.<\/span><\/p>\n<p><span style=\"font-weight: 400;\">Punta Falconara et punta Sciusciau sont les points de plong\u00e9e les plus appr\u00e9ci\u00e9s : dans le premier se trouve immerg\u00e9e la statue du Christ R\u00e9dempteur tandis que Punta Sciusciau est la zone parfaite pour ceux qui voudraient admirer une vari\u00e9t\u00e9 infinie d&rsquo;animaux aquatiques : poulpes, m\u00e9rous, mur\u00e8nes et \u00e9ponges.<\/span><\/p>\n<p><span style=\"font-weight: 400;\">Dans les fonds marins autour de l&rsquo;\u00eele ont \u00e9t\u00e9 trouv\u00e9es diverses <\/span><b>\u00e9paves et art\u00e9facts<\/b><span style=\"font-weight: 400;\">, dont certains remontent au Ve si\u00e8cle av. J.-C.<\/span><\/p>\n<p><b>44\u00b0 1&prime; 25&Prime; N, 8\u00b0 13&prime; 36&Prime; E<\/b><\/p>\n<p><span style=\"font-weight: 400;\"><a href=\"https:\/\/www.marinaportoantico.it\/\" target=\"_blank\" rel=\"noopener\">Marina Porto Antico<\/a> se trouve dans une position strat\u00e9gique ; exactement \u00e0 mi-chemin entre la Riviera orientale et occidentale de Liguria.<\/span><\/p>\n<p><span style=\"font-weight: 400;\">Ceux qui ont une <\/span><b>place de port \u00e0 G\u00eanes <\/b><span style=\"font-weight: 400;\">ou qui ne font que passer, ne peuvent pas ignorer qu&rsquo;avec de courtes navigations, ils sont d\u00e9j\u00e0 l\u00e0, dans ces lieux rares et pr\u00e9cieux que nous vous invitons \u00e0 d\u00e9couvrir !<\/span><\/p>\n","protected":false},"excerpt":{"rendered":"<p>Nous vous recommandons six perles enchanteresses de la Liguria occidentale accessibles en bateau depuis Marina Porto Antico Dans l&rsquo;article pr\u00e9c\u00e9dent, nous avons largu\u00e9 les amarres de nos quais pour vous guider \u00e0 la d\u00e9couverte des mouillages les plus abrit\u00e9s et les moins fr\u00e9quent\u00e9s de la riviera orientale ; aujourd&rsquo;hui, nous mettons le cap \u00e0 l&rsquo;ouest [&hellip;]<\/p>\n","protected":false},"author":2,"featured_media":21093,"comment_status":"closed","ping_status":"open","sticky":false,"template":"","format":"standard","meta":{"footnotes":""},"categories":[84],"tags":[],"class_list":["post-25847","post","type-post","status-publish","format-standard","has-post-thumbnail","hentry","category-news-fr"],"yoast_head":"<!-- This site is optimized with the Yoast SEO plugin v26.8 - https:\/\/yoast.com\/product\/yoast-seo-wordpress\/ -->\n<title>Six perles de la Liguria occidentale \u00e0 d\u00e9couvrir - Marina Porto Antico<\/title>\n<meta name=\"description\" content=\"Notre r\u00e9daction vous recommande six perles enchanteresses de la Liguria occidentale, toutes \u00e0 d\u00e9couvrir et facilement accessibles en bateau depuis Marina Porto Antico\" \/>\n<meta name=\"robots\" content=\"index, follow, max-snippet:-1, max-image-preview:large, max-video-preview:-1\" \/>\n<link rel=\"canonical\" href=\"https:\/\/marinaportoantico.it\/fr\/six-perles-de-la-liguria-occidentale-a-decouvrir\/\" \/>\n<meta property=\"og:locale\" content=\"fr_FR\" \/>\n<meta property=\"og:type\" content=\"article\" \/>\n<meta property=\"og:title\" content=\"Six perles de la Liguria occidentale \u00e0 d\u00e9couvrir - Marina Porto Antico\" \/>\n<meta property=\"og:description\" content=\"Notre r\u00e9daction vous recommande six perles enchanteresses de la Liguria occidentale, toutes \u00e0 d\u00e9couvrir et facilement accessibles en bateau depuis Marina Porto Antico\" \/>\n<meta property=\"og:url\" content=\"https:\/\/marinaportoantico.it\/fr\/six-perles-de-la-liguria-occidentale-a-decouvrir\/\" \/>\n<meta property=\"og:site_name\" content=\"Marina Porto Antico\" \/>\n<meta property=\"article:publisher\" content=\"https:\/\/www.facebook.com\/Marina.di.Genova\/\" \/>\n<meta property=\"article:published_time\" content=\"2021-08-09T01:30:07+00:00\" \/>\n<meta property=\"og:image\" content=\"https:\/\/marinaportoantico.it\/wp-content\/uploads\/2021\/08\/ponente-ligure.jpg\" \/>\n\t<meta property=\"og:image:width\" content=\"1000\" \/>\n\t<meta property=\"og:image:height\" content=\"667\" \/>\n\t<meta property=\"og:image:type\" content=\"image\/jpeg\" \/>\n<meta name=\"author\" content=\"Andrea Rizzato\" \/>\n<meta name=\"twitter:card\" content=\"summary_large_image\" \/>\n<meta name=\"twitter:label1\" content=\"\u00c9crit par\" \/>\n\t<meta name=\"twitter:data1\" content=\"Andrea Rizzato\" \/>\n\t<meta name=\"twitter:label2\" content=\"Dur\u00e9e de lecture estim\u00e9e\" \/>\n\t<meta name=\"twitter:data2\" content=\"5 minutes\" \/>\n<script type=\"application\/ld+json\" class=\"yoast-schema-graph\">{\"@context\":\"https:\/\/schema.org\",\"@graph\":[{\"@type\":\"Article\",\"@id\":\"https:\/\/marinaportoantico.it\/fr\/six-perles-de-la-liguria-occidentale-a-decouvrir\/#article\",\"isPartOf\":{\"@id\":\"https:\/\/marinaportoantico.it\/fr\/six-perles-de-la-liguria-occidentale-a-decouvrir\/\"},\"author\":{\"name\":\"Andrea Rizzato\",\"@id\":\"https:\/\/marinaportoantico.it\/fr\/#\/schema\/person\/dc25a7a042ccc24cc87a63d415fa3c89\"},\"headline\":\"Six perles de la Liguria occidentale \u00e0 d\u00e9couvrir\",\"datePublished\":\"2021-08-09T01:30:07+00:00\",\"mainEntityOfPage\":{\"@id\":\"https:\/\/marinaportoantico.it\/fr\/six-perles-de-la-liguria-occidentale-a-decouvrir\/\"},\"wordCount\":948,\"publisher\":{\"@id\":\"https:\/\/marinaportoantico.it\/fr\/#organization\"},\"image\":{\"@id\":\"https:\/\/marinaportoantico.it\/fr\/six-perles-de-la-liguria-occidentale-a-decouvrir\/#primaryimage\"},\"thumbnailUrl\":\"https:\/\/marinaportoantico.it\/wp-content\/uploads\/2021\/08\/ponente-ligure.jpg\",\"articleSection\":[\"News\"],\"inLanguage\":\"fr-FR\"},{\"@type\":\"WebPage\",\"@id\":\"https:\/\/marinaportoantico.it\/fr\/six-perles-de-la-liguria-occidentale-a-decouvrir\/\",\"url\":\"https:\/\/marinaportoantico.it\/fr\/six-perles-de-la-liguria-occidentale-a-decouvrir\/\",\"name\":\"Six perles de la Liguria occidentale \u00e0 d\u00e9couvrir - Marina Porto Antico\",\"isPartOf\":{\"@id\":\"https:\/\/marinaportoantico.it\/fr\/#website\"},\"primaryImageOfPage\":{\"@id\":\"https:\/\/marinaportoantico.it\/fr\/six-perles-de-la-liguria-occidentale-a-decouvrir\/#primaryimage\"},\"image\":{\"@id\":\"https:\/\/marinaportoantico.it\/fr\/six-perles-de-la-liguria-occidentale-a-decouvrir\/#primaryimage\"},\"thumbnailUrl\":\"https:\/\/marinaportoantico.it\/wp-content\/uploads\/2021\/08\/ponente-ligure.jpg\",\"datePublished\":\"2021-08-09T01:30:07+00:00\",\"description\":\"Notre r\u00e9daction vous recommande six perles enchanteresses de la Liguria occidentale, toutes \u00e0 d\u00e9couvrir et facilement accessibles en bateau depuis Marina Porto Antico\",\"breadcrumb\":{\"@id\":\"https:\/\/marinaportoantico.it\/fr\/six-perles-de-la-liguria-occidentale-a-decouvrir\/#breadcrumb\"},\"inLanguage\":\"fr-FR\",\"potentialAction\":[{\"@type\":\"ReadAction\",\"target\":[\"https:\/\/marinaportoantico.it\/fr\/six-perles-de-la-liguria-occidentale-a-decouvrir\/\"]}]},{\"@type\":\"ImageObject\",\"inLanguage\":\"fr-FR\",\"@id\":\"https:\/\/marinaportoantico.it\/fr\/six-perles-de-la-liguria-occidentale-a-decouvrir\/#primaryimage\",\"url\":\"https:\/\/marinaportoantico.it\/wp-content\/uploads\/2021\/08\/ponente-ligure.jpg\",\"contentUrl\":\"https:\/\/marinaportoantico.it\/wp-content\/uploads\/2021\/08\/ponente-ligure.jpg\",\"width\":1000,\"height\":667,\"caption\":\"ponente ligure\"},{\"@type\":\"BreadcrumbList\",\"@id\":\"https:\/\/marinaportoantico.it\/fr\/six-perles-de-la-liguria-occidentale-a-decouvrir\/#breadcrumb\",\"itemListElement\":[{\"@type\":\"ListItem\",\"position\":1,\"name\":\"Home\",\"item\":\"https:\/\/marinaportoantico.it\/fr\/home-page\/\"},{\"@type\":\"ListItem\",\"position\":2,\"name\":\"Six perles de la Liguria occidentale \u00e0 d\u00e9couvrir\"}]},{\"@type\":\"WebSite\",\"@id\":\"https:\/\/marinaportoantico.it\/fr\/#website\",\"url\":\"https:\/\/marinaportoantico.it\/fr\/\",\"name\":\"Marina Porto Antico\",\"description\":\"Ormeggi e posti barca nel centro storico di Genova\",\"publisher\":{\"@id\":\"https:\/\/marinaportoantico.it\/fr\/#organization\"},\"alternateName\":\"Marina Porto Antico\",\"potentialAction\":[{\"@type\":\"SearchAction\",\"target\":{\"@type\":\"EntryPoint\",\"urlTemplate\":\"https:\/\/marinaportoantico.it\/fr\/?s={search_term_string}\"},\"query-input\":{\"@type\":\"PropertyValueSpecification\",\"valueRequired\":true,\"valueName\":\"search_term_string\"}}],\"inLanguage\":\"fr-FR\"},{\"@type\":\"Organization\",\"@id\":\"https:\/\/marinaportoantico.it\/fr\/#organization\",\"name\":\"Marina Porto Antico\",\"alternateName\":\"Logo-Marina-Porto-Antico\",\"url\":\"https:\/\/marinaportoantico.it\/fr\/\",\"logo\":{\"@type\":\"ImageObject\",\"inLanguage\":\"fr-FR\",\"@id\":\"https:\/\/marinaportoantico.it\/fr\/#\/schema\/logo\/image\/\",\"url\":\"https:\/\/marinaportoantico.it\/wp-content\/uploads\/2023\/02\/Logo-Marina-Porto-Antico.png\",\"contentUrl\":\"https:\/\/marinaportoantico.it\/wp-content\/uploads\/2023\/02\/Logo-Marina-Porto-Antico.png\",\"width\":250,\"height\":150,\"caption\":\"Marina Porto Antico\"},\"image\":{\"@id\":\"https:\/\/marinaportoantico.it\/fr\/#\/schema\/logo\/image\/\"},\"sameAs\":[\"https:\/\/www.facebook.com\/Marina.di.Genova\/\",\"https:\/\/www.linkedin.com\/in\/marina-porto-antico-81394387\/\",\"https:\/\/www.instagram.com\/marina_porto_antico\/\"]},{\"@type\":\"Person\",\"@id\":\"https:\/\/marinaportoantico.it\/fr\/#\/schema\/person\/dc25a7a042ccc24cc87a63d415fa3c89\",\"name\":\"Andrea Rizzato\",\"image\":{\"@type\":\"ImageObject\",\"inLanguage\":\"fr-FR\",\"@id\":\"https:\/\/marinaportoantico.it\/fr\/#\/schema\/person\/image\/\",\"url\":\"https:\/\/secure.gravatar.com\/avatar\/f14c3652d4ed409e0d7e0c1ea905c349c418eb639ada0fbaa9e30e5d7ac44b5f?s=96&d=mm&r=g\",\"contentUrl\":\"https:\/\/secure.gravatar.com\/avatar\/f14c3652d4ed409e0d7e0c1ea905c349c418eb639ada0fbaa9e30e5d7ac44b5f?s=96&d=mm&r=g\",\"caption\":\"Andrea Rizzato\"}}]}<\/script>\n<!-- \/ Yoast SEO plugin. -->","yoast_head_json":{"title":"Six perles de la Liguria occidentale \u00e0 d\u00e9couvrir - Marina Porto Antico","description":"Notre r\u00e9daction vous recommande six perles enchanteresses de la Liguria occidentale, toutes \u00e0 d\u00e9couvrir et facilement accessibles en bateau depuis Marina Porto Antico","robots":{"index":"index","follow":"follow","max-snippet":"max-snippet:-1","max-image-preview":"max-image-preview:large","max-video-preview":"max-video-preview:-1"},"canonical":"https:\/\/marinaportoantico.it\/fr\/six-perles-de-la-liguria-occidentale-a-decouvrir\/","og_locale":"fr_FR","og_type":"article","og_title":"Six perles de la Liguria occidentale \u00e0 d\u00e9couvrir - Marina Porto Antico","og_description":"Notre r\u00e9daction vous recommande six perles enchanteresses de la Liguria occidentale, toutes \u00e0 d\u00e9couvrir et facilement accessibles en bateau depuis Marina Porto Antico","og_url":"https:\/\/marinaportoantico.it\/fr\/six-perles-de-la-liguria-occidentale-a-decouvrir\/","og_site_name":"Marina Porto Antico","article_publisher":"https:\/\/www.facebook.com\/Marina.di.Genova\/","article_published_time":"2021-08-09T01:30:07+00:00","og_image":[{"width":1000,"height":667,"url":"https:\/\/marinaportoantico.it\/wp-content\/uploads\/2021\/08\/ponente-ligure.jpg","type":"image\/jpeg"}],"author":"Andrea Rizzato","twitter_card":"summary_large_image","twitter_misc":{"\u00c9crit par":"Andrea Rizzato","Dur\u00e9e de lecture estim\u00e9e":"5 minutes"},"schema":{"@context":"https:\/\/schema.org","@graph":[{"@type":"Article","@id":"https:\/\/marinaportoantico.it\/fr\/six-perles-de-la-liguria-occidentale-a-decouvrir\/#article","isPartOf":{"@id":"https:\/\/marinaportoantico.it\/fr\/six-perles-de-la-liguria-occidentale-a-decouvrir\/"},"author":{"name":"Andrea Rizzato","@id":"https:\/\/marinaportoantico.it\/fr\/#\/schema\/person\/dc25a7a042ccc24cc87a63d415fa3c89"},"headline":"Six perles de la Liguria occidentale \u00e0 d\u00e9couvrir","datePublished":"2021-08-09T01:30:07+00:00","mainEntityOfPage":{"@id":"https:\/\/marinaportoantico.it\/fr\/six-perles-de-la-liguria-occidentale-a-decouvrir\/"},"wordCount":948,"publisher":{"@id":"https:\/\/marinaportoantico.it\/fr\/#organization"},"image":{"@id":"https:\/\/marinaportoantico.it\/fr\/six-perles-de-la-liguria-occidentale-a-decouvrir\/#primaryimage"},"thumbnailUrl":"https:\/\/marinaportoantico.it\/wp-content\/uploads\/2021\/08\/ponente-ligure.jpg","articleSection":["News"],"inLanguage":"fr-FR"},{"@type":"WebPage","@id":"https:\/\/marinaportoantico.it\/fr\/six-perles-de-la-liguria-occidentale-a-decouvrir\/","url":"https:\/\/marinaportoantico.it\/fr\/six-perles-de-la-liguria-occidentale-a-decouvrir\/","name":"Six perles de la Liguria occidentale \u00e0 d\u00e9couvrir - Marina Porto Antico","isPartOf":{"@id":"https:\/\/marinaportoantico.it\/fr\/#website"},"primaryImageOfPage":{"@id":"https:\/\/marinaportoantico.it\/fr\/six-perles-de-la-liguria-occidentale-a-decouvrir\/#primaryimage"},"image":{"@id":"https:\/\/marinaportoantico.it\/fr\/six-perles-de-la-liguria-occidentale-a-decouvrir\/#primaryimage"},"thumbnailUrl":"https:\/\/marinaportoantico.it\/wp-content\/uploads\/2021\/08\/ponente-ligure.jpg","datePublished":"2021-08-09T01:30:07+00:00","description":"Notre r\u00e9daction vous recommande six perles enchanteresses de la Liguria occidentale, toutes \u00e0 d\u00e9couvrir et facilement accessibles en bateau depuis Marina Porto Antico","breadcrumb":{"@id":"https:\/\/marinaportoantico.it\/fr\/six-perles-de-la-liguria-occidentale-a-decouvrir\/#breadcrumb"},"inLanguage":"fr-FR","potentialAction":[{"@type":"ReadAction","target":["https:\/\/marinaportoantico.it\/fr\/six-perles-de-la-liguria-occidentale-a-decouvrir\/"]}]},{"@type":"ImageObject","inLanguage":"fr-FR","@id":"https:\/\/marinaportoantico.it\/fr\/six-perles-de-la-liguria-occidentale-a-decouvrir\/#primaryimage","url":"https:\/\/marinaportoantico.it\/wp-content\/uploads\/2021\/08\/ponente-ligure.jpg","contentUrl":"https:\/\/marinaportoantico.it\/wp-content\/uploads\/2021\/08\/ponente-ligure.jpg","width":1000,"height":667,"caption":"ponente ligure"},{"@type":"BreadcrumbList","@id":"https:\/\/marinaportoantico.it\/fr\/six-perles-de-la-liguria-occidentale-a-decouvrir\/#breadcrumb","itemListElement":[{"@type":"ListItem","position":1,"name":"Home","item":"https:\/\/marinaportoantico.it\/fr\/home-page\/"},{"@type":"ListItem","position":2,"name":"Six perles de la Liguria occidentale \u00e0 d\u00e9couvrir"}]},{"@type":"WebSite","@id":"https:\/\/marinaportoantico.it\/fr\/#website","url":"https:\/\/marinaportoantico.it\/fr\/","name":"Marina Porto Antico","description":"Ormeggi e posti barca nel centro storico di Genova","publisher":{"@id":"https:\/\/marinaportoantico.it\/fr\/#organization"},"alternateName":"Marina Porto Antico","potentialAction":[{"@type":"SearchAction","target":{"@type":"EntryPoint","urlTemplate":"https:\/\/marinaportoantico.it\/fr\/?s={search_term_string}"},"query-input":{"@type":"PropertyValueSpecification","valueRequired":true,"valueName":"search_term_string"}}],"inLanguage":"fr-FR"},{"@type":"Organization","@id":"https:\/\/marinaportoantico.it\/fr\/#organization","name":"Marina Porto Antico","alternateName":"Logo-Marina-Porto-Antico","url":"https:\/\/marinaportoantico.it\/fr\/","logo":{"@type":"ImageObject","inLanguage":"fr-FR","@id":"https:\/\/marinaportoantico.it\/fr\/#\/schema\/logo\/image\/","url":"https:\/\/marinaportoantico.it\/wp-content\/uploads\/2023\/02\/Logo-Marina-Porto-Antico.png","contentUrl":"https:\/\/marinaportoantico.it\/wp-content\/uploads\/2023\/02\/Logo-Marina-Porto-Antico.png","width":250,"height":150,"caption":"Marina Porto Antico"},"image":{"@id":"https:\/\/marinaportoantico.it\/fr\/#\/schema\/logo\/image\/"},"sameAs":["https:\/\/www.facebook.com\/Marina.di.Genova\/","https:\/\/www.linkedin.com\/in\/marina-porto-antico-81394387\/","https:\/\/www.instagram.com\/marina_porto_antico\/"]},{"@type":"Person","@id":"https:\/\/marinaportoantico.it\/fr\/#\/schema\/person\/dc25a7a042ccc24cc87a63d415fa3c89","name":"Andrea Rizzato","image":{"@type":"ImageObject","inLanguage":"fr-FR","@id":"https:\/\/marinaportoantico.it\/fr\/#\/schema\/person\/image\/","url":"https:\/\/secure.gravatar.com\/avatar\/f14c3652d4ed409e0d7e0c1ea905c349c418eb639ada0fbaa9e30e5d7ac44b5f?s=96&d=mm&r=g","contentUrl":"https:\/\/secure.gravatar.com\/avatar\/f14c3652d4ed409e0d7e0c1ea905c349c418eb639ada0fbaa9e30e5d7ac44b5f?s=96&d=mm&r=g","caption":"Andrea Rizzato"}}]}},"_links":{"self":[{"href":"https:\/\/marinaportoantico.it\/fr\/wp-json\/wp\/v2\/posts\/25847","targetHints":{"allow":["GET"]}}],"collection":[{"href":"https:\/\/marinaportoantico.it\/fr\/wp-json\/wp\/v2\/posts"}],"about":[{"href":"https:\/\/marinaportoantico.it\/fr\/wp-json\/wp\/v2\/types\/post"}],"author":[{"embeddable":true,"href":"https:\/\/marinaportoantico.it\/fr\/wp-json\/wp\/v2\/users\/2"}],"replies":[{"embeddable":true,"href":"https:\/\/marinaportoantico.it\/fr\/wp-json\/wp\/v2\/comments?post=25847"}],"version-history":[{"count":0,"href":"https:\/\/marinaportoantico.it\/fr\/wp-json\/wp\/v2\/posts\/25847\/revisions"}],"wp:featuredmedia":[{"embeddable":true,"href":"https:\/\/marinaportoantico.it\/fr\/wp-json\/wp\/v2\/media\/21093"}],"wp:attachment":[{"href":"https:\/\/marinaportoantico.it\/fr\/wp-json\/wp\/v2\/media?parent=25847"}],"wp:term":[{"taxonomy":"category","embeddable":true,"href":"https:\/\/marinaportoantico.it\/fr\/wp-json\/wp\/v2\/categories?post=25847"},{"taxonomy":"post_tag","embeddable":true,"href":"https:\/\/marinaportoantico.it\/fr\/wp-json\/wp\/v2\/tags?post=25847"}],"curies":[{"name":"wp","href":"https:\/\/api.w.org\/{rel}","templated":true}]}}