{"id":25852,"date":"2021-07-10T02:30:38","date_gmt":"2021-07-10T01:30:38","guid":{"rendered":"https:\/\/marinaportoantico.it\/trois-mouillages-du-levant-accessibles-depuis-marina-porto-antico\/"},"modified":"2021-07-10T02:30:38","modified_gmt":"2021-07-10T01:30:38","slug":"trois-mouillages-du-levant-accessibles-depuis-marina-porto-antico","status":"publish","type":"post","link":"https:\/\/marinaportoantico.it\/fr\/trois-mouillages-du-levant-accessibles-depuis-marina-porto-antico\/","title":{"rendered":"Trois mouillages du Levant accessibles depuis Marina Porto Antico"},"content":{"rendered":"<p><b>Voici trois mouillages \u00e0 d\u00e9couvrir dans la Riviera du Levant de Liguria accessibles depuis Marina Porto Antico<\/b><\/p>\n<p><span style=\"font-weight: 400;\">Juillet. Il est temps d&rsquo;appareiller \u00e0 la d\u00e9couverte de la c\u00f4te ligure et de ses surprises. Voici donc trois mouillages abrit\u00e9s dans la riviera du Levant, entre G\u00eanes et La Spezia, facilement accessibles depuis    <\/span><a href=\"https:\/\/www.marinaportoantico.it\/\" target=\"_blank\" rel=\"noopener\">Marina Porto Antico<\/a><span style=\"font-weight: 400;\">, l&rsquo;un des amarrages les plus pratiques de Liguria gr\u00e2ce \u00e0 ses services et \u00e0 sa position centrale. <\/span> <\/p>\n<p><b>Le mouillage de Riva Trigoso<\/b><\/p>\n<p><span style=\"font-weight: 400;\">44\u00b0 15&prime; 18&Prime; N, 9\u00b0 25&prime; 21&Prime; E<\/span><\/p>\n<p><span style=\"font-weight: 400;\"><img fetchpriority=\"high\" decoding=\"async\" class=\"alignleft wp-image-21034\" src=\"https:\/\/marinaportoantico.it\/wp-content\/uploads\/2021\/07\/rade-levante-riva-del-trigoso.jpg\" alt=\"mouillages levant riva del trigoso\" width=\"440\" height=\"330\" srcset=\"https:\/\/marinaportoantico.it\/wp-content\/uploads\/2021\/07\/rade-levante-riva-del-trigoso.jpg 768w, https:\/\/marinaportoantico.it\/wp-content\/uploads\/2021\/07\/rade-levante-riva-del-trigoso-300x225.jpg 300w\" sizes=\"(max-width: 440px) 100vw, 440px\" \/>Le premier est <\/span><b>le mouillage de <\/b><a href=\"https:\/\/it.wikipedia.org\/wiki\/Riva_Trigoso\" target=\"_blank\" rel=\"noopener\">Riva Trigoso<\/a><span style=\"font-weight: 400;\">  qui se trouve face au village devenu c\u00e9l\u00e8bre pour les chantiers navals de Fincantieri. Gr\u00e2ce \u00e0 sa position d\u00e9limit\u00e9e par deux promontoires (pointe Baffe \u00e0 l&rsquo;est et pointe Manara \u00e0 l&rsquo;ouest), cette anse est abrit\u00e9e des courants et des vents, et l&rsquo;on peut amarrer les bateaux de la c\u00f4te jusqu&rsquo;\u00e0 la pointe Manara.   <\/span><\/p>\n<p><span style=\"font-weight: 400;\">Malgr\u00e9 son histoire li\u00e9e \u00e0 la construction navale, cette fraction de Sestri Levante a conserv\u00e9 l&rsquo;allure caract\u00e9ristique et tranquille des bourgs limitrophes. Au fil des ann\u00e9es, elle est devenue une destination tr\u00e8s appr\u00e9ci\u00e9e, surtout parce qu&rsquo;elle est moins fr\u00e9quent\u00e9e que la plus connue Sestri Levante. Riva Trigoso est \u00e9galement tr\u00e8s r\u00e9put\u00e9e pour le bagnun, le plat typique de ce bourg marin ligure, \u00e0 base d&rsquo;anchois, de galettes et de tomate.    <\/span><\/p>\n<p><span style=\"font-weight: 400;\">La mer turquoise de Riva est tr\u00e8s appr\u00e9ci\u00e9e des amateurs de <\/span><b>snorkeling<\/b><span style=\"font-weight: 400;\">, des <\/span><b>p\u00eacheurs <\/b><span style=\"font-weight: 400;\">et <\/span><b>des plongeurs<\/b><span style=\"font-weight: 400;\">  auxquels il faut toujours faire attention. Le fond sous-marin du c\u00f4t\u00e9 des deux pointes qui d\u00e9limitent le golfe est riche en tani\u00e8res et \u00e0 environ trois cents m\u00e8tres au large de Riva Trigoso se trouvent des hauts-fonds tr\u00e8s fr\u00e9quent\u00e9s.   <\/span><\/p>\n<p><b>Le mouillage de Bonassola<\/b><\/p>\n<p><b>44\u00b0 10&prime; 51&Prime; N, 9\u00b0 34&prime; 50&Prime; E<\/b><\/p>\n<p><span style=\"font-weight: 400;\"><img decoding=\"async\" class=\"alignright wp-image-21038\" src=\"https:\/\/marinaportoantico.it\/wp-content\/uploads\/2021\/07\/rade-levante-bonassola.jpg\" alt=\"mouillages levant bonassola\" width=\"440\" height=\"243\" srcset=\"https:\/\/marinaportoantico.it\/wp-content\/uploads\/2021\/07\/rade-levante-bonassola.jpg 768w, https:\/\/marinaportoantico.it\/wp-content\/uploads\/2021\/07\/rade-levante-bonassola-300x166.jpg 300w\" sizes=\"(max-width: 440px) 100vw, 440px\" \/>En se dirigeant vers La Spezia, un autre des trois mouillages du Levant accessibles depuis Marina Porto Antico, \u00e0 ne pas manquer absolument, est celui de Bonassola, constitu\u00e9 d&rsquo;une anse abrit\u00e9e des vents et des courants face \u00e0 laquelle se trouve une plage libre et \u00e9quip\u00e9e.  <\/span><\/p>\n<p><span style=\"font-weight: 400;\">Bien qu&rsquo;il n&rsquo;offre pas d&rsquo;\u00e9quipements particuliers, le <\/span><b>mouillage de <\/b><a href=\"https:\/\/it.wikipedia.org\/wiki\/Bonassola\" target=\"_blank\" rel=\"noopener\">Bonassola<\/a> <span style=\"font-weight: 400;\">est accessible \u00e0 toute heure. Bonassola est un petit bourg marin entour\u00e9 de collines couvertes de pins maritimes, de terrasses avec oliviers et vignobles typiques du paysage ligure ; \u00e0 peu de distance de Levanto et des Cinque Terre, c&rsquo;est la destination id\u00e9ale pour ceux qui cherchent des vacances tranquilles et relaxantes. Bonassola fait partie du Parc National des Cinque Terre et de nombreuses initiatives sont organis\u00e9es par l&rsquo;office de tourisme local ; de plus, les sentiers et les pistes cyclables ne manquent pas : ici passe la piste cyclable et pi\u00e9tonne Maremonti, qui se d\u00e9veloppe le long de l&rsquo;ancien tron\u00e7on ferroviaire d\u00e9saffect\u00e9, reliant Framura \u00e0 Levanto, entre tunnels et nature.    <\/span><\/p>\n<p><span style=\"font-weight: 400;\">La zone est tr\u00e8s appr\u00e9ci\u00e9e des passionn\u00e9s de plong\u00e9e sous-marine, car ici se trouve l&rsquo;<\/span><b>\u00e9pave d&rsquo;un navire<\/b><span style=\"font-weight: 400;\">  coul\u00e9 pendant la Seconde Guerre mondiale : il s&rsquo;agit du paquebot Bolzaneto qui en juin 1943 fut torpill\u00e9 face \u00e0 Bonassola. Aujourd&rsquo;hui l&rsquo;\u00e9pave se trouve \u00e0 une profondeur d&rsquo;environ 54 m\u00e8tres dans le mouillage et constitue une destination de visites de groupes de plongeurs qui arrivent de toute l&rsquo;Italie.   <\/span><\/p>\n<p><b>Le mouillage du Terrizzo<\/b><\/p>\n<p><span style=\"font-weight: 400;\">44\u00b0 3&prime; 22&Prime; N, 9\u00b0 50&prime; 32&Prime; E<\/span><\/p>\n<p><span style=\"font-weight: 400;\"><img decoding=\"async\" class=\"alignleft wp-image-21042\" src=\"https:\/\/marinaportoantico.it\/wp-content\/uploads\/2021\/07\/rade-levante-terrizzo.jpg\" alt=\"mouillages levant terrizzo\" width=\"440\" height=\"246\" srcset=\"https:\/\/marinaportoantico.it\/wp-content\/uploads\/2021\/07\/rade-levante-terrizzo.jpg 768w, https:\/\/marinaportoantico.it\/wp-content\/uploads\/2021\/07\/rade-levante-terrizzo-300x168.jpg 300w\" sizes=\"(max-width: 440px) 100vw, 440px\" \/>Une fois atteint le golfe de La Spezia, on peut jeter l&rsquo;ancre dans le <\/span><b>mouillage du Terrizzo<\/b><span style=\"font-weight: 400;\">, le dernier des trois mouillages du Levant que nous vous conseillons : l&rsquo;abri se trouve entre la c\u00f4te et l&rsquo;\u00eele de la Palmaria qui, avec les autres \u00eeles de l&rsquo;archipel de La Spezia, la prot\u00e8ge des houles provenant du Sud-Est. Des trois \u00eeles de l&rsquo;Archipel, la   <\/span><b>Palmaria<\/b><span style=\"font-weight: 400;\"> est celle qui est la plus fr\u00e9quent\u00e9e et connue, surtout en ce qui concerne le tourisme baln\u00e9aire pr\u00e9cis\u00e9ment pour la limpidit\u00e9 des eaux qui baignent les littoraux. <\/span> <\/p>\n<p><span style=\"font-weight: 400;\">Plus au sud de la Palmaria se trouve <\/span><b>l&rsquo;\u00eele du Tino<\/b><span style=\"font-weight: 400;\">, reconnaissable \u00e0 sa forme triangulaire et rocheuse, abondante en pins maritimes. <\/span> <\/p>\n<p><span style=\"font-weight: 400;\">Ici se trouve le phare militaire, une construction fortifi\u00e9e n\u00e9oclassique qui au cours du temps a subi de nombreux changements. Enfin,   <\/span><b>l&rsquo;\u00eele du Tinetto<\/b><span style=\"font-weight: 400;\">  est la plus petite du groupe insulaire de <a href=\"https:\/\/it.wikipedia.org\/wiki\/Porto_Venere\" target=\"_blank\" rel=\"noopener\">Porto Venere<\/a>. Elle a une superficie d&rsquo;un peu plus d&rsquo;un demi-hectare, mais c&rsquo;est une r\u00e9alit\u00e9 importante dans le panorama de la biog\u00e9ographie et de l&rsquo;histoire.   <\/span><\/p>\n<p><span style=\"font-weight: 400;\">Le fond du mouillage a des profondeurs ais\u00e9es, comprises entre 2 et 8 m\u00e8tres \u00e0 des distances variables de la c\u00f4te. Pendant les man\u0153uvres \u00e0 l&rsquo;int\u00e9rieur du mouillage du Terrizzo, il faut faire attention aux fili\u00e8res d\u00e9di\u00e9es \u00e0 la r\u00e9colte des moules et aux \u00e9levages piscicoles. De ce mouillage, on peut jouir d&rsquo;une tr\u00e8s belle vue sur la baie et sur la romantique et ancienne    <\/span><b>\u00c9glise de San Pietro<\/b><span style=\"font-weight: 400;\"> \u00e0 pic sur la mer. <\/span> <\/p>\n<p><img loading=\"lazy\" decoding=\"async\" class=\"aligncenter wp-image-21046\" src=\"https:\/\/marinaportoantico.it\/wp-content\/uploads\/2021\/07\/castello-di-portovenere-e-chiesa-di-san-pietro.jpg\" alt=\"\" width=\"600\" height=\"263\" srcset=\"https:\/\/marinaportoantico.it\/wp-content\/uploads\/2021\/07\/castello-di-portovenere-e-chiesa-di-san-pietro.jpg 768w, https:\/\/marinaportoantico.it\/wp-content\/uploads\/2021\/07\/castello-di-portovenere-e-chiesa-di-san-pietro-300x131.jpg 300w\" sizes=\"(max-width: 600px) 100vw, 600px\" \/><\/p>\n<p><span style=\"font-weight: 400;\">De loin, elle ressemble presque \u00e0 un ch\u00e2teau fortifi\u00e9 avec tours et murailles, mais en r\u00e9alit\u00e9 il s&rsquo;agit d&rsquo;une \u00e9glise tr\u00e8s ancienne constitu\u00e9e de deux \u00e9difices reli\u00e9s : l&rsquo;un de style gothique plus r\u00e9cent et l&rsquo;autre roman, beaucoup plus ancien. Pr\u00e8s de l&rsquo;\u00e9peron rocheux sous l&rsquo;\u00e9glise, se trouve la   <\/span><b>grotte de l&rsquo;Arpaia<\/b><span style=\"font-weight: 400;\"> connue aussi comme la <\/span><b>grotte de Byron<\/b><span style=\"font-weight: 400;\">, le c\u00e9l\u00e8bre po\u00e8te anglais qui en ce lieu puisait l&rsquo;inspiration pour ses \u0153uvres litt\u00e9raires.<\/span><\/p>\n<p><span style=\"font-weight: 400;\">\u00c0 terre, une promenade m\u00e9rite d&rsquo;\u00eatre faite \u00e0 la d\u00e9couverte des ruelles du centre historique de Portovenere. L&rsquo;entr\u00e9e, caract\u00e9ris\u00e9e par des maisons anciennes et des rues \u00e9troites, fut construite en 1113 tandis que la tour voisine remonte \u00e0 1161. Sur une hauteur rocheuse se trouve le Ch\u00e2teau Doria, ayant appartenu justement \u00e0 la famille Doria qui eut un r\u00f4le tr\u00e8s important dans l&rsquo;histoire de la R\u00e9publique de G\u00eanes. De l\u00e0, on jouit d&rsquo;une splendide vue sur la ville et sur l&rsquo;\u00e9glise de San Pietro.     <\/span><\/p>\n<p><span style=\"font-weight: 400;\">La proximit\u00e9 du Parc national des Cinque Terre et du Parc naturel r\u00e9gional de Portovenere offre aux plaisanciers la possibilit\u00e9 d&rsquo;innombrables excursions \u00e0 pied le long des parcours naturalistes \u00e0 l&rsquo;int\u00e9rieur des deux parcs.  <\/span><\/p>\n<p><span style=\"font-weight: 400;\">Il ne vous reste plus qu&rsquo;\u00e0 larguer les amarres et partir \u00e0 la d\u00e9couverte des merveilleuses c\u00f4tes de la mer ligure et de ses littoraux !<\/span><\/p>\n<p><img loading=\"lazy\" decoding=\"async\" class=\"aligncenter wp-image-21050\" src=\"https:\/\/marinaportoantico.it\/wp-content\/uploads\/2021\/07\/riva-del-trigoso-by-night.jpg\" alt=\"riva del trigoso de nuit\" width=\"600\" height=\"355\" srcset=\"https:\/\/marinaportoantico.it\/wp-content\/uploads\/2021\/07\/riva-del-trigoso-by-night.jpg 768w, https:\/\/marinaportoantico.it\/wp-content\/uploads\/2021\/07\/riva-del-trigoso-by-night-300x177.jpg 300w\" sizes=\"(max-width: 600px) 100vw, 600px\" \/><\/p>\n","protected":false},"excerpt":{"rendered":"<p>Voici trois mouillages \u00e0 d\u00e9couvrir dans la Riviera du Levant de Liguria accessibles depuis Marina Porto Antico Juillet. Il est temps d&rsquo;appareiller \u00e0 la d\u00e9couverte de la c\u00f4te ligure et de ses surprises. Voici donc trois mouillages abrit\u00e9s dans la riviera du Levant, entre G\u00eanes et La Spezia, facilement accessibles depuis Marina Porto Antico, l&rsquo;un [&hellip;]<\/p>\n","protected":false},"author":2,"featured_media":21031,"comment_status":"closed","ping_status":"open","sticky":false,"template":"","format":"standard","meta":{"footnotes":""},"categories":[84],"tags":[],"class_list":["post-25852","post","type-post","status-publish","format-standard","has-post-thumbnail","hentry","category-news-fr"],"yoast_head":"<!-- This site is optimized with the Yoast SEO plugin v26.8 - https:\/\/yoast.com\/product\/yoast-seo-wordpress\/ -->\n<title>Trois mouillages du Levant accessibles depuis Marina Porto Antico - Marina Porto Antico<\/title>\n<meta name=\"description\" content=\"Voici trois magnifiques mouillages \u00e0 d\u00e9couvrir dans la Riviera du Levant ligure, accessibles en bateau en appareillant de Marina Porto Antico\" \/>\n<meta name=\"robots\" content=\"index, follow, max-snippet:-1, max-image-preview:large, max-video-preview:-1\" \/>\n<link rel=\"canonical\" href=\"https:\/\/marinaportoantico.it\/fr\/trois-mouillages-du-levant-accessibles-depuis-marina-porto-antico\/\" \/>\n<meta property=\"og:locale\" content=\"fr_FR\" \/>\n<meta property=\"og:type\" content=\"article\" \/>\n<meta property=\"og:title\" content=\"Trois mouillages du Levant accessibles depuis Marina Porto Antico - Marina Porto Antico\" \/>\n<meta property=\"og:description\" content=\"Voici trois magnifiques mouillages \u00e0 d\u00e9couvrir dans la Riviera du Levant ligure, accessibles en bateau en appareillant de Marina Porto Antico\" \/>\n<meta property=\"og:url\" content=\"https:\/\/marinaportoantico.it\/fr\/trois-mouillages-du-levant-accessibles-depuis-marina-porto-antico\/\" \/>\n<meta property=\"og:site_name\" content=\"Marina Porto Antico\" \/>\n<meta property=\"article:publisher\" content=\"https:\/\/www.facebook.com\/Marina.di.Genova\/\" \/>\n<meta property=\"article:published_time\" content=\"2021-07-10T01:30:38+00:00\" \/>\n<meta property=\"og:image\" content=\"https:\/\/marinaportoantico.it\/wp-content\/uploads\/2021\/07\/rade-levante.jpg\" \/>\n\t<meta property=\"og:image:width\" content=\"1000\" \/>\n\t<meta property=\"og:image:height\" content=\"667\" \/>\n\t<meta property=\"og:image:type\" content=\"image\/jpeg\" \/>\n<meta name=\"author\" content=\"Andrea Rizzato\" \/>\n<meta name=\"twitter:card\" content=\"summary_large_image\" \/>\n<meta name=\"twitter:label1\" content=\"\u00c9crit par\" \/>\n\t<meta name=\"twitter:data1\" content=\"Andrea Rizzato\" \/>\n\t<meta name=\"twitter:label2\" content=\"Dur\u00e9e de lecture estim\u00e9e\" \/>\n\t<meta name=\"twitter:data2\" content=\"5 minutes\" \/>\n<script type=\"application\/ld+json\" class=\"yoast-schema-graph\">{\"@context\":\"https:\/\/schema.org\",\"@graph\":[{\"@type\":\"Article\",\"@id\":\"https:\/\/marinaportoantico.it\/fr\/trois-mouillages-du-levant-accessibles-depuis-marina-porto-antico\/#article\",\"isPartOf\":{\"@id\":\"https:\/\/marinaportoantico.it\/fr\/trois-mouillages-du-levant-accessibles-depuis-marina-porto-antico\/\"},\"author\":{\"name\":\"Andrea Rizzato\",\"@id\":\"https:\/\/marinaportoantico.it\/fr\/#\/schema\/person\/dc25a7a042ccc24cc87a63d415fa3c89\"},\"headline\":\"Trois mouillages du Levant accessibles depuis Marina Porto Antico\",\"datePublished\":\"2021-07-10T01:30:38+00:00\",\"mainEntityOfPage\":{\"@id\":\"https:\/\/marinaportoantico.it\/fr\/trois-mouillages-du-levant-accessibles-depuis-marina-porto-antico\/\"},\"wordCount\":1048,\"publisher\":{\"@id\":\"https:\/\/marinaportoantico.it\/fr\/#organization\"},\"image\":{\"@id\":\"https:\/\/marinaportoantico.it\/fr\/trois-mouillages-du-levant-accessibles-depuis-marina-porto-antico\/#primaryimage\"},\"thumbnailUrl\":\"https:\/\/marinaportoantico.it\/wp-content\/uploads\/2021\/07\/rade-levante.jpg\",\"articleSection\":[\"News\"],\"inLanguage\":\"fr-FR\"},{\"@type\":\"WebPage\",\"@id\":\"https:\/\/marinaportoantico.it\/fr\/trois-mouillages-du-levant-accessibles-depuis-marina-porto-antico\/\",\"url\":\"https:\/\/marinaportoantico.it\/fr\/trois-mouillages-du-levant-accessibles-depuis-marina-porto-antico\/\",\"name\":\"Trois mouillages du Levant accessibles depuis Marina Porto Antico - Marina Porto Antico\",\"isPartOf\":{\"@id\":\"https:\/\/marinaportoantico.it\/fr\/#website\"},\"primaryImageOfPage\":{\"@id\":\"https:\/\/marinaportoantico.it\/fr\/trois-mouillages-du-levant-accessibles-depuis-marina-porto-antico\/#primaryimage\"},\"image\":{\"@id\":\"https:\/\/marinaportoantico.it\/fr\/trois-mouillages-du-levant-accessibles-depuis-marina-porto-antico\/#primaryimage\"},\"thumbnailUrl\":\"https:\/\/marinaportoantico.it\/wp-content\/uploads\/2021\/07\/rade-levante.jpg\",\"datePublished\":\"2021-07-10T01:30:38+00:00\",\"description\":\"Voici trois magnifiques mouillages \u00e0 d\u00e9couvrir dans la Riviera du Levant ligure, accessibles en bateau en appareillant de Marina Porto Antico\",\"breadcrumb\":{\"@id\":\"https:\/\/marinaportoantico.it\/fr\/trois-mouillages-du-levant-accessibles-depuis-marina-porto-antico\/#breadcrumb\"},\"inLanguage\":\"fr-FR\",\"potentialAction\":[{\"@type\":\"ReadAction\",\"target\":[\"https:\/\/marinaportoantico.it\/fr\/trois-mouillages-du-levant-accessibles-depuis-marina-porto-antico\/\"]}]},{\"@type\":\"ImageObject\",\"inLanguage\":\"fr-FR\",\"@id\":\"https:\/\/marinaportoantico.it\/fr\/trois-mouillages-du-levant-accessibles-depuis-marina-porto-antico\/#primaryimage\",\"url\":\"https:\/\/marinaportoantico.it\/wp-content\/uploads\/2021\/07\/rade-levante.jpg\",\"contentUrl\":\"https:\/\/marinaportoantico.it\/wp-content\/uploads\/2021\/07\/rade-levante.jpg\",\"width\":1000,\"height\":667,\"caption\":\"rade levante\"},{\"@type\":\"BreadcrumbList\",\"@id\":\"https:\/\/marinaportoantico.it\/fr\/trois-mouillages-du-levant-accessibles-depuis-marina-porto-antico\/#breadcrumb\",\"itemListElement\":[{\"@type\":\"ListItem\",\"position\":1,\"name\":\"Home\",\"item\":\"https:\/\/marinaportoantico.it\/fr\/home-page\/\"},{\"@type\":\"ListItem\",\"position\":2,\"name\":\"Trois mouillages du Levant accessibles depuis Marina Porto Antico\"}]},{\"@type\":\"WebSite\",\"@id\":\"https:\/\/marinaportoantico.it\/fr\/#website\",\"url\":\"https:\/\/marinaportoantico.it\/fr\/\",\"name\":\"Marina Porto Antico\",\"description\":\"Ormeggi e posti barca nel centro storico di Genova\",\"publisher\":{\"@id\":\"https:\/\/marinaportoantico.it\/fr\/#organization\"},\"alternateName\":\"Marina Porto Antico\",\"potentialAction\":[{\"@type\":\"SearchAction\",\"target\":{\"@type\":\"EntryPoint\",\"urlTemplate\":\"https:\/\/marinaportoantico.it\/fr\/?s={search_term_string}\"},\"query-input\":{\"@type\":\"PropertyValueSpecification\",\"valueRequired\":true,\"valueName\":\"search_term_string\"}}],\"inLanguage\":\"fr-FR\"},{\"@type\":\"Organization\",\"@id\":\"https:\/\/marinaportoantico.it\/fr\/#organization\",\"name\":\"Marina Porto Antico\",\"alternateName\":\"Logo-Marina-Porto-Antico\",\"url\":\"https:\/\/marinaportoantico.it\/fr\/\",\"logo\":{\"@type\":\"ImageObject\",\"inLanguage\":\"fr-FR\",\"@id\":\"https:\/\/marinaportoantico.it\/fr\/#\/schema\/logo\/image\/\",\"url\":\"https:\/\/marinaportoantico.it\/wp-content\/uploads\/2023\/02\/Logo-Marina-Porto-Antico.png\",\"contentUrl\":\"https:\/\/marinaportoantico.it\/wp-content\/uploads\/2023\/02\/Logo-Marina-Porto-Antico.png\",\"width\":250,\"height\":150,\"caption\":\"Marina Porto Antico\"},\"image\":{\"@id\":\"https:\/\/marinaportoantico.it\/fr\/#\/schema\/logo\/image\/\"},\"sameAs\":[\"https:\/\/www.facebook.com\/Marina.di.Genova\/\",\"https:\/\/www.linkedin.com\/in\/marina-porto-antico-81394387\/\",\"https:\/\/www.instagram.com\/marina_porto_antico\/\"]},{\"@type\":\"Person\",\"@id\":\"https:\/\/marinaportoantico.it\/fr\/#\/schema\/person\/dc25a7a042ccc24cc87a63d415fa3c89\",\"name\":\"Andrea Rizzato\",\"image\":{\"@type\":\"ImageObject\",\"inLanguage\":\"fr-FR\",\"@id\":\"https:\/\/marinaportoantico.it\/fr\/#\/schema\/person\/image\/\",\"url\":\"https:\/\/secure.gravatar.com\/avatar\/f14c3652d4ed409e0d7e0c1ea905c349c418eb639ada0fbaa9e30e5d7ac44b5f?s=96&d=mm&r=g\",\"contentUrl\":\"https:\/\/secure.gravatar.com\/avatar\/f14c3652d4ed409e0d7e0c1ea905c349c418eb639ada0fbaa9e30e5d7ac44b5f?s=96&d=mm&r=g\",\"caption\":\"Andrea Rizzato\"}}]}<\/script>\n<!-- \/ Yoast SEO plugin. -->","yoast_head_json":{"title":"Trois mouillages du Levant accessibles depuis Marina Porto Antico - Marina Porto Antico","description":"Voici trois magnifiques mouillages \u00e0 d\u00e9couvrir dans la Riviera du Levant ligure, accessibles en bateau en appareillant de Marina Porto Antico","robots":{"index":"index","follow":"follow","max-snippet":"max-snippet:-1","max-image-preview":"max-image-preview:large","max-video-preview":"max-video-preview:-1"},"canonical":"https:\/\/marinaportoantico.it\/fr\/trois-mouillages-du-levant-accessibles-depuis-marina-porto-antico\/","og_locale":"fr_FR","og_type":"article","og_title":"Trois mouillages du Levant accessibles depuis Marina Porto Antico - Marina Porto Antico","og_description":"Voici trois magnifiques mouillages \u00e0 d\u00e9couvrir dans la Riviera du Levant ligure, accessibles en bateau en appareillant de Marina Porto Antico","og_url":"https:\/\/marinaportoantico.it\/fr\/trois-mouillages-du-levant-accessibles-depuis-marina-porto-antico\/","og_site_name":"Marina Porto Antico","article_publisher":"https:\/\/www.facebook.com\/Marina.di.Genova\/","article_published_time":"2021-07-10T01:30:38+00:00","og_image":[{"width":1000,"height":667,"url":"https:\/\/marinaportoantico.it\/wp-content\/uploads\/2021\/07\/rade-levante.jpg","type":"image\/jpeg"}],"author":"Andrea Rizzato","twitter_card":"summary_large_image","twitter_misc":{"\u00c9crit par":"Andrea Rizzato","Dur\u00e9e de lecture estim\u00e9e":"5 minutes"},"schema":{"@context":"https:\/\/schema.org","@graph":[{"@type":"Article","@id":"https:\/\/marinaportoantico.it\/fr\/trois-mouillages-du-levant-accessibles-depuis-marina-porto-antico\/#article","isPartOf":{"@id":"https:\/\/marinaportoantico.it\/fr\/trois-mouillages-du-levant-accessibles-depuis-marina-porto-antico\/"},"author":{"name":"Andrea Rizzato","@id":"https:\/\/marinaportoantico.it\/fr\/#\/schema\/person\/dc25a7a042ccc24cc87a63d415fa3c89"},"headline":"Trois mouillages du Levant accessibles depuis Marina Porto Antico","datePublished":"2021-07-10T01:30:38+00:00","mainEntityOfPage":{"@id":"https:\/\/marinaportoantico.it\/fr\/trois-mouillages-du-levant-accessibles-depuis-marina-porto-antico\/"},"wordCount":1048,"publisher":{"@id":"https:\/\/marinaportoantico.it\/fr\/#organization"},"image":{"@id":"https:\/\/marinaportoantico.it\/fr\/trois-mouillages-du-levant-accessibles-depuis-marina-porto-antico\/#primaryimage"},"thumbnailUrl":"https:\/\/marinaportoantico.it\/wp-content\/uploads\/2021\/07\/rade-levante.jpg","articleSection":["News"],"inLanguage":"fr-FR"},{"@type":"WebPage","@id":"https:\/\/marinaportoantico.it\/fr\/trois-mouillages-du-levant-accessibles-depuis-marina-porto-antico\/","url":"https:\/\/marinaportoantico.it\/fr\/trois-mouillages-du-levant-accessibles-depuis-marina-porto-antico\/","name":"Trois mouillages du Levant accessibles depuis Marina Porto Antico - Marina Porto Antico","isPartOf":{"@id":"https:\/\/marinaportoantico.it\/fr\/#website"},"primaryImageOfPage":{"@id":"https:\/\/marinaportoantico.it\/fr\/trois-mouillages-du-levant-accessibles-depuis-marina-porto-antico\/#primaryimage"},"image":{"@id":"https:\/\/marinaportoantico.it\/fr\/trois-mouillages-du-levant-accessibles-depuis-marina-porto-antico\/#primaryimage"},"thumbnailUrl":"https:\/\/marinaportoantico.it\/wp-content\/uploads\/2021\/07\/rade-levante.jpg","datePublished":"2021-07-10T01:30:38+00:00","description":"Voici trois magnifiques mouillages \u00e0 d\u00e9couvrir dans la Riviera du Levant ligure, accessibles en bateau en appareillant de Marina Porto Antico","breadcrumb":{"@id":"https:\/\/marinaportoantico.it\/fr\/trois-mouillages-du-levant-accessibles-depuis-marina-porto-antico\/#breadcrumb"},"inLanguage":"fr-FR","potentialAction":[{"@type":"ReadAction","target":["https:\/\/marinaportoantico.it\/fr\/trois-mouillages-du-levant-accessibles-depuis-marina-porto-antico\/"]}]},{"@type":"ImageObject","inLanguage":"fr-FR","@id":"https:\/\/marinaportoantico.it\/fr\/trois-mouillages-du-levant-accessibles-depuis-marina-porto-antico\/#primaryimage","url":"https:\/\/marinaportoantico.it\/wp-content\/uploads\/2021\/07\/rade-levante.jpg","contentUrl":"https:\/\/marinaportoantico.it\/wp-content\/uploads\/2021\/07\/rade-levante.jpg","width":1000,"height":667,"caption":"rade levante"},{"@type":"BreadcrumbList","@id":"https:\/\/marinaportoantico.it\/fr\/trois-mouillages-du-levant-accessibles-depuis-marina-porto-antico\/#breadcrumb","itemListElement":[{"@type":"ListItem","position":1,"name":"Home","item":"https:\/\/marinaportoantico.it\/fr\/home-page\/"},{"@type":"ListItem","position":2,"name":"Trois mouillages du Levant accessibles depuis Marina Porto Antico"}]},{"@type":"WebSite","@id":"https:\/\/marinaportoantico.it\/fr\/#website","url":"https:\/\/marinaportoantico.it\/fr\/","name":"Marina Porto Antico","description":"Ormeggi e posti barca nel centro storico di Genova","publisher":{"@id":"https:\/\/marinaportoantico.it\/fr\/#organization"},"alternateName":"Marina Porto Antico","potentialAction":[{"@type":"SearchAction","target":{"@type":"EntryPoint","urlTemplate":"https:\/\/marinaportoantico.it\/fr\/?s={search_term_string}"},"query-input":{"@type":"PropertyValueSpecification","valueRequired":true,"valueName":"search_term_string"}}],"inLanguage":"fr-FR"},{"@type":"Organization","@id":"https:\/\/marinaportoantico.it\/fr\/#organization","name":"Marina Porto Antico","alternateName":"Logo-Marina-Porto-Antico","url":"https:\/\/marinaportoantico.it\/fr\/","logo":{"@type":"ImageObject","inLanguage":"fr-FR","@id":"https:\/\/marinaportoantico.it\/fr\/#\/schema\/logo\/image\/","url":"https:\/\/marinaportoantico.it\/wp-content\/uploads\/2023\/02\/Logo-Marina-Porto-Antico.png","contentUrl":"https:\/\/marinaportoantico.it\/wp-content\/uploads\/2023\/02\/Logo-Marina-Porto-Antico.png","width":250,"height":150,"caption":"Marina Porto Antico"},"image":{"@id":"https:\/\/marinaportoantico.it\/fr\/#\/schema\/logo\/image\/"},"sameAs":["https:\/\/www.facebook.com\/Marina.di.Genova\/","https:\/\/www.linkedin.com\/in\/marina-porto-antico-81394387\/","https:\/\/www.instagram.com\/marina_porto_antico\/"]},{"@type":"Person","@id":"https:\/\/marinaportoantico.it\/fr\/#\/schema\/person\/dc25a7a042ccc24cc87a63d415fa3c89","name":"Andrea Rizzato","image":{"@type":"ImageObject","inLanguage":"fr-FR","@id":"https:\/\/marinaportoantico.it\/fr\/#\/schema\/person\/image\/","url":"https:\/\/secure.gravatar.com\/avatar\/f14c3652d4ed409e0d7e0c1ea905c349c418eb639ada0fbaa9e30e5d7ac44b5f?s=96&d=mm&r=g","contentUrl":"https:\/\/secure.gravatar.com\/avatar\/f14c3652d4ed409e0d7e0c1ea905c349c418eb639ada0fbaa9e30e5d7ac44b5f?s=96&d=mm&r=g","caption":"Andrea Rizzato"}}]}},"_links":{"self":[{"href":"https:\/\/marinaportoantico.it\/fr\/wp-json\/wp\/v2\/posts\/25852","targetHints":{"allow":["GET"]}}],"collection":[{"href":"https:\/\/marinaportoantico.it\/fr\/wp-json\/wp\/v2\/posts"}],"about":[{"href":"https:\/\/marinaportoantico.it\/fr\/wp-json\/wp\/v2\/types\/post"}],"author":[{"embeddable":true,"href":"https:\/\/marinaportoantico.it\/fr\/wp-json\/wp\/v2\/users\/2"}],"replies":[{"embeddable":true,"href":"https:\/\/marinaportoantico.it\/fr\/wp-json\/wp\/v2\/comments?post=25852"}],"version-history":[{"count":0,"href":"https:\/\/marinaportoantico.it\/fr\/wp-json\/wp\/v2\/posts\/25852\/revisions"}],"wp:featuredmedia":[{"embeddable":true,"href":"https:\/\/marinaportoantico.it\/fr\/wp-json\/wp\/v2\/media\/21031"}],"wp:attachment":[{"href":"https:\/\/marinaportoantico.it\/fr\/wp-json\/wp\/v2\/media?parent=25852"}],"wp:term":[{"taxonomy":"category","embeddable":true,"href":"https:\/\/marinaportoantico.it\/fr\/wp-json\/wp\/v2\/categories?post=25852"},{"taxonomy":"post_tag","embeddable":true,"href":"https:\/\/marinaportoantico.it\/fr\/wp-json\/wp\/v2\/tags?post=25852"}],"curies":[{"name":"wp","href":"https:\/\/api.w.org\/{rel}","templated":true}]}}