{"id":25911,"date":"2017-07-27T22:33:22","date_gmt":"2017-07-27T21:33:22","guid":{"rendered":"https:\/\/marinaportoantico.it\/de-camogli-a-punta-chiappa-la-stella-maris-et-les-beautes-de-la-cote-ligure\/"},"modified":"2017-07-27T22:33:22","modified_gmt":"2017-07-27T21:33:22","slug":"de-camogli-a-punta-chiappa-la-stella-maris-et-les-beautes-de-la-cote-ligure","status":"publish","type":"post","link":"https:\/\/marinaportoantico.it\/fr\/de-camogli-a-punta-chiappa-la-stella-maris-et-les-beautes-de-la-cote-ligure\/","title":{"rendered":"De Camogli \u00e0 Punta Chiappa, la Stella Maris et les beaut\u00e9s de la c\u00f4te ligure"},"content":{"rendered":"<p>Peu de gens le savent, mais la <strong>mer de Ligurie<\/strong> peut briller comme la constellation la plus splendide. Cela se produit chaque ann\u00e9e, le premier dimanche d&rsquo;ao\u00fbt, \u00e0 l&rsquo;occasion de la <g id=\"gid_1\">Stella Maris<\/g>. Une procession en mer de <strong>Camogli<\/strong> \u00e0 <strong>Punta Chiappa<\/strong> avec  <strong> <\/strong>des embarcations \u00e9quip\u00e9es de lanternes, qui illuminent la mer pour la joie des spectateurs qui peuvent profiter du spectacle depuis la c\u00f4te.<\/p>\n<p>Cet \u00e9v\u00e9nement suggestif se d\u00e9roule dans l&rsquo;une des zones les plus fascinantes du nord de l&rsquo;Italie et peut se vanter d&rsquo;une histoire pluris\u00e9culaire. La f\u00eate de la <strong>Stella Maris<\/strong> est en effet n\u00e9e au XVe si\u00e8cle et a atteint sa forme actuelle il y a pr\u00e8s d&rsquo;un si\u00e8cle. <\/p>\n<p><img fetchpriority=\"high\" decoding=\"async\" class=\"alignleft wp-image-20143\" src=\"https:\/\/marinaportoantico.it\/wp-content\/uploads\/2017\/07\/Dragun.jpg\" alt=\"\" width=\"400\" height=\"268\" srcset=\"https:\/\/marinaportoantico.it\/wp-content\/uploads\/2017\/07\/Dragun.jpg 633w, https:\/\/marinaportoantico.it\/wp-content\/uploads\/2017\/07\/Dragun-300x201.jpg 300w\" sizes=\"(max-width: 400px) 100vw, 400px\" \/>La procession commence le matin et est guid\u00e9e par <strong>\u00ab\u00a0\u00dc Dragun\u00a0\u00bb<\/strong>, symbole de Camogli. 48 ans apr\u00e8s son lancement, le chebec qui a particip\u00e9 plusieurs fois \u00e0 la <strong>R\u00e9gate Historique de Venise<\/strong> conduit majestueusement le cort\u00e8ge d&#8217;embarcations orn\u00e9es pour la f\u00eate. Des bateaux gratuits sont mis \u00e0 la disposition des touristes et de ceux qui n&rsquo;ont pas leur propre embarcation, afin que personne ne soit exclu du charme de la f\u00eate.  <\/p>\n<p>L&rsquo;arriv\u00e9e \u00e0 <strong>Punta Chiappa<\/strong> est suivie de la messe c\u00e9l\u00e9br\u00e9e \u00e0 l&rsquo;int\u00e9rieur de l&rsquo;Autel Stella di Mare, qui conclut la premi\u00e8re partie de la manifestation.<\/p>\n<p><img decoding=\"async\" class=\"wp-image-20147 alignright\" src=\"https:\/\/marinaportoantico.it\/wp-content\/uploads\/2017\/07\/cerimonia-Stella-Maris.jpg\" alt=\"\" width=\"400\" height=\"266\" srcset=\"https:\/\/marinaportoantico.it\/wp-content\/uploads\/2017\/07\/cerimonia-Stella-Maris.jpg 500w, https:\/\/marinaportoantico.it\/wp-content\/uploads\/2017\/07\/cerimonia-Stella-Maris-300x199.jpg 300w\" sizes=\"(max-width: 400px) 100vw, 400px\" \/>Le moment le plus spectaculaire arrive le soir, lorsque les armateurs remplissent les embarcations de lanternes. Les baigneurs confient \u00e0 la mer des milliers de lumignons allum\u00e9s, qui resplendissent sur la <g id=\"gid_0\">mer de Ligurie<\/g> d&rsquo;une lumi\u00e8re qui d\u00e9fie les constellations dans le ciel. L&rsquo;\u00c9toile de la mer, pr\u00e9cis\u00e9ment.  <\/p>\n<p>La procession n&rsquo;est cependant pas la seule occasion de d\u00e9couvrir les beaut\u00e9s de la Ligurie. Le territoire de <strong>Camogli<\/strong> et ses environs pr\u00e9sentent en effet des monuments historiques et des paysages \u00e0 couper le souffle, r\u00e9sultat de la fusion entre les nombreux changements apport\u00e9s par l&rsquo;homme et l&rsquo;immuable merveille de la nature ligure. <\/p>\n<p>Le <strong>Golfo Paradiso<\/strong> est domin\u00e9 par l&rsquo;imposant <strong>Ch\u00e2teau de la Dragonara<\/strong>, une construction \u00e0 but d\u00e9fensif datant du XIIe si\u00e8cle. Les caract\u00e9ristiques <g id=\"gid_2\">\u00ab\u00a0tours sarrasines\u00a0\u00bb<\/g> accompagnent la forteresse, attestant de son r\u00f4le de poste de guet contre les incursions des pirates. Apr\u00e8s une premi\u00e8re p\u00e9riode \u00e0 caract\u00e8re purement militaire, le ch\u00e2teau a \u00e9t\u00e9 utilis\u00e9 comme centre administratif, puis comme prison et enfin comme aquarium.  <\/p>\n<p><img decoding=\"async\" class=\"alignleft wp-image-20156\" src=\"https:\/\/marinaportoantico.it\/wp-content\/uploads\/2017\/07\/castello-brown.jpg\" alt=\"\" width=\"400\" height=\"267\" srcset=\"https:\/\/marinaportoantico.it\/wp-content\/uploads\/2017\/07\/castello-brown.jpg 800w, https:\/\/marinaportoantico.it\/wp-content\/uploads\/2017\/07\/castello-brown-300x200.jpg 300w, https:\/\/marinaportoantico.it\/wp-content\/uploads\/2017\/07\/castello-brown-768x513.jpg 768w\" sizes=\"(max-width: 400px) 100vw, 400px\" \/>Non loin de l\u00e0, le promontoire sur lequel se dresse le majestueux <a href=\"http:\/\/www.castellobrown.com\/\" target=\"_blank\" rel=\"noopener noreferrer\"><strong>Ch\u00e2teau Brown<\/strong><\/a>, appartenant \u00e0 la commune de <strong>Portofino<\/strong>. L&rsquo;\u00e9tablissement et les premiers vestiges sont anciens et remontent \u00e0 la p\u00e9riode tardo-romaine. Le ch\u00e2teau a \u00e9t\u00e9 \u00e9difi\u00e9 au <g id=\"gid_3\">Xe si\u00e8cle<\/g>, pour ensuite subir des changements continus : d&rsquo;abord milanais, puis fran\u00e7ais et enfin savoyard, lorsque la formation du <g id=\"gid_4\">Royaume d&rsquo;Italie<\/g> l&rsquo;a rendu strat\u00e9giquement inutile. Sa r\u00e9cup\u00e9ration est due \u00e0 l&rsquo;intervention du consul anglais dont il porte le nom, qui l&rsquo;a achet\u00e9 au XIXe si\u00e8cle en lui rendant son ancienne splendeur.   <\/p>\n<p><img loading=\"lazy\" decoding=\"async\" class=\"alignright wp-image-20152\" src=\"https:\/\/marinaportoantico.it\/wp-content\/uploads\/2017\/07\/batterie-Punta-Chiappa.jpg\" alt=\"\" width=\"400\" height=\"267\" srcset=\"https:\/\/marinaportoantico.it\/wp-content\/uploads\/2017\/07\/batterie-Punta-Chiappa.jpg 610w, https:\/\/marinaportoantico.it\/wp-content\/uploads\/2017\/07\/batterie-Punta-Chiappa-300x200.jpg 300w\" sizes=\"(max-width: 400px) 100vw, 400px\" \/>La <strong>Batterie de Punta Chiappa<\/strong>, construite en pr\u00e9vision de la Seconde Guerre mondiale, appartient \u00e0 un tout autre contexte historique. Les canons qui gardaient la structure ne sont plus visitables, mais le complexe a une valeur esth\u00e9tique et historique, pour son utilisation pendant l&rsquo;\u00e9poque fasciste. <\/p>\n<p>Non loin de Punta Chiappa, le promontoire de l&rsquo;<strong>Isuela<\/strong> est un lieu incontournable pour les plongeurs les plus exp\u00e9riment\u00e9s, qui le connaissent pour la vari\u00e9t\u00e9 des poissons dans les fonds marins.<\/p>\n<p>Pour les p\u00eacheurs, en revanche, la <strong>madrague de Camogli<\/strong>, situ\u00e9e \u00e0 pas plus de 400 m\u00e8tres de la c\u00f4te, est plus int\u00e9ressante. Avec celle de Mazzara del Vallo, c&rsquo;est la seule \u00e0 utiliser des filets enti\u00e8rement naturels et donc adapt\u00e9s pour ne pas modifier l&rsquo;\u00e9cosyst\u00e8me marin environnant. <\/p>\n<p>Cependant, 2017 n&rsquo;a pas \u00e9t\u00e9 une ann\u00e9e chanceuse pour la structure, qui a vu la saison compl\u00e8tement ruin\u00e9e par la destruction des filets due \u00e0 l&rsquo;erreur d&rsquo;une embarcation.<\/p>\n<p>Les plaisanciers peuvent d\u00e9cider de visiter les sentiers qui serpentent \u00e0 travers les villages c\u00f4tiers en utilisant le <strong>parc de bou\u00e9es<\/strong> pr\u00e8s de Punta Chiappa, o\u00f9 un amarrage pour une demi-journ\u00e9e ne co\u00fbte que 10\u20ac. Une opportunit\u00e9 pour d\u00e9couvrir le territoire naturel de la Ligurie et go\u00fbter la gastronomie locale dans les nombreux restaurants de la r\u00e9gion. <\/p>\n<p>Un parcours tr\u00e8s pris\u00e9 des touristes m\u00e8ne de <strong>Porto Pidocchio<\/strong> \u00e0 l&rsquo;<strong>\u00c9glise de San Rocco<\/strong>, avec un sentier qui serpente entre les villas typiques et les points strat\u00e9giques pour observer le paysage.<\/p>\n<p><img loading=\"lazy\" decoding=\"async\" class=\"alignleft wp-image-20160\" src=\"https:\/\/marinaportoantico.it\/wp-content\/uploads\/2017\/07\/chiesa-di-San-Nicolo-di-Capodimonte.jpg\" alt=\"\" width=\"400\" height=\"300\" srcset=\"https:\/\/marinaportoantico.it\/wp-content\/uploads\/2017\/07\/chiesa-di-San-Nicolo-di-Capodimonte.jpg 640w, https:\/\/marinaportoantico.it\/wp-content\/uploads\/2017\/07\/chiesa-di-San-Nicolo-di-Capodimonte-300x225.jpg 300w\" sizes=\"(max-width: 400px) 100vw, 400px\" \/>Une \u00e9tape obligatoire pour ceux qui choisissent cette option est l&rsquo;<strong>\u00c9glise de San Nicol\u00f2 di Capodimonte<\/strong>, qui se trouve \u00e0 peu pr\u00e8s \u00e0 mi-chemin de l&rsquo;itin\u00e9raire. De construction m\u00e9di\u00e9vale, elle a red\u00e9couvert sa beaut\u00e9 suite \u00e0 une restauration financ\u00e9e par la <g id=\"gid_1\"><g id=\"gid_2\">Marina Porto Antico<\/g><\/g> et a rouvert ses portes au public. L&rsquo;\u00e9difice reste l&rsquo;un des exemples les plus r\u00e9ussis de l&rsquo;architecture sacr\u00e9e en territoire ligure.  <\/p>\n<p>Prolonger la marche apr\u00e8s l&rsquo;\u00c9glise de San Rocco demande un effort suppl\u00e9mentaire, mais permet d&rsquo;avoir la vue imprenable sur le <strong>Golfe de G\u00eanes<\/strong> offerte par la position au sommet du <strong>mont Portofino<\/strong>.<\/p>\n<p><img loading=\"lazy\" decoding=\"async\" class=\"alignright wp-image-20164\" src=\"https:\/\/marinaportoantico.it\/wp-content\/uploads\/2017\/07\/abbazia-di-San-Fruttuoso.jpg\" alt=\"\" width=\"400\" height=\"300\" srcset=\"https:\/\/marinaportoantico.it\/wp-content\/uploads\/2017\/07\/abbazia-di-San-Fruttuoso.jpg 800w, https:\/\/marinaportoantico.it\/wp-content\/uploads\/2017\/07\/abbazia-di-San-Fruttuoso-300x225.jpg 300w, https:\/\/marinaportoantico.it\/wp-content\/uploads\/2017\/07\/abbazia-di-San-Fruttuoso-768x576.jpg 768w\" sizes=\"(max-width: 400px) 100vw, 400px\" \/>Pour les marcheurs encore plus d\u00e9termin\u00e9s, il y a l&rsquo;itin\u00e9raire qui relie <strong>Camogli<\/strong> \u00e0 la <strong>Baie de San Fruttuoso<\/strong>, situ\u00e9e \u00e0 environ deux heures de marche. Cette derni\u00e8re est en r\u00e9alit\u00e9 \u00e9galement accessible par un service de navettes reli\u00e9 aux principales villes de la r\u00e9gion, dont <strong>G\u00eanes<\/strong>, <strong>Portofino<\/strong> et bien s\u00fbr Camogli. <\/p>\n<p>Quelle que soit la fa\u00e7on dont on atteint la destination, la plage et la mer limpide ne sont pas les seules attractions du lieu, connu surtout pour la splendide <strong>abbaye de Capodimonte<\/strong>. \u00c9difi\u00e9e autour de l&rsquo;an 1000, elle est aujourd&rsquo;hui directement g\u00e9r\u00e9e par le FAI et repr\u00e9sente l&rsquo;un des tr\u00e9sors cach\u00e9s de la <strong>Ligurie<\/strong>. <\/p>\n<p>La <strong>Stella Maris<\/strong> du <strong>6 ao\u00fbt<\/strong> sera donc une occasion sp\u00e9ciale de d\u00e9couvrir les lieux et les traditions de la c\u00f4te ligure. Une procession de bateaux guid\u00e9e par un dragon, la mer illumin\u00e9e comme en plein jour avec des constructions m\u00e9di\u00e9vales en toile de fond : autant de raisons de ne pas manquer un \u00e9v\u00e9nement unique, y compris pour le cadre dans lequel il s&rsquo;inscrit. <\/p>\n","protected":false},"excerpt":{"rendered":"<p>Peu de gens le savent, mais la mer de Ligurie peut briller comme la constellation la plus splendide. Cela se produit chaque ann\u00e9e, le premier dimanche d&rsquo;ao\u00fbt, \u00e0 l&rsquo;occasion de la Stella Maris. Une procession en mer de Camogli \u00e0 Punta Chiappa avec des embarcations \u00e9quip\u00e9es de lanternes, qui illuminent la mer pour la joie [&hellip;]<\/p>\n","protected":false},"author":2,"featured_media":20170,"comment_status":"closed","ping_status":"open","sticky":false,"template":"","format":"standard","meta":{"footnotes":""},"categories":[84],"tags":[],"class_list":["post-25911","post","type-post","status-publish","format-standard","has-post-thumbnail","hentry","category-news-fr"],"yoast_head":"<!-- This site is optimized with the Yoast SEO plugin v26.8 - https:\/\/yoast.com\/product\/yoast-seo-wordpress\/ -->\n<title>De Camogli \u00e0 Punta Chiappa, la Stella Maris et les beaut\u00e9s de la c\u00f4te ligure<\/title>\n<meta name=\"description\" content=\"Le 6 ao\u00fbt, la Stella Maris illuminera la mer de Ligurie avec les lanternes des armateurs. Un \u00e9v\u00e9nement sp\u00e9cial dans le cadre unique de Camogli \u00e0 Punta Chiappa\" \/>\n<meta name=\"robots\" content=\"index, follow, max-snippet:-1, max-image-preview:large, max-video-preview:-1\" \/>\n<link rel=\"canonical\" href=\"https:\/\/marinaportoantico.it\/fr\/de-camogli-a-punta-chiappa-la-stella-maris-et-les-beautes-de-la-cote-ligure\/\" \/>\n<meta property=\"og:locale\" content=\"fr_FR\" \/>\n<meta property=\"og:type\" content=\"article\" \/>\n<meta property=\"og:title\" content=\"De Camogli \u00e0 Punta Chiappa, la Stella Maris et les beaut\u00e9s de la c\u00f4te ligure\" \/>\n<meta property=\"og:description\" content=\"Le 6 ao\u00fbt, la Stella Maris illuminera la mer de Ligurie avec les lanternes des armateurs. Un \u00e9v\u00e9nement sp\u00e9cial dans le cadre unique de Camogli \u00e0 Punta Chiappa\" \/>\n<meta property=\"og:url\" content=\"https:\/\/marinaportoantico.it\/fr\/de-camogli-a-punta-chiappa-la-stella-maris-et-les-beautes-de-la-cote-ligure\/\" \/>\n<meta property=\"og:site_name\" content=\"Marina Porto Antico\" \/>\n<meta property=\"article:publisher\" content=\"https:\/\/www.facebook.com\/Marina.di.Genova\/\" \/>\n<meta property=\"article:published_time\" content=\"2017-07-27T21:33:22+00:00\" \/>\n<meta property=\"og:image\" content=\"https:\/\/marinaportoantico.it\/wp-content\/uploads\/2017\/07\/Stella-Maris-1024x613-1.jpg\" \/>\n\t<meta property=\"og:image:width\" content=\"1024\" \/>\n\t<meta property=\"og:image:height\" content=\"613\" \/>\n\t<meta property=\"og:image:type\" content=\"image\/jpeg\" \/>\n<meta name=\"author\" content=\"Andrea Rizzato\" \/>\n<meta name=\"twitter:card\" content=\"summary_large_image\" \/>\n<meta name=\"twitter:label1\" content=\"\u00c9crit par\" \/>\n\t<meta name=\"twitter:data1\" content=\"Andrea Rizzato\" \/>\n\t<meta name=\"twitter:label2\" content=\"Dur\u00e9e de lecture estim\u00e9e\" \/>\n\t<meta name=\"twitter:data2\" content=\"5 minutes\" \/>\n<script type=\"application\/ld+json\" class=\"yoast-schema-graph\">{\"@context\":\"https:\/\/schema.org\",\"@graph\":[{\"@type\":\"Article\",\"@id\":\"https:\/\/marinaportoantico.it\/fr\/de-camogli-a-punta-chiappa-la-stella-maris-et-les-beautes-de-la-cote-ligure\/#article\",\"isPartOf\":{\"@id\":\"https:\/\/marinaportoantico.it\/fr\/de-camogli-a-punta-chiappa-la-stella-maris-et-les-beautes-de-la-cote-ligure\/\"},\"author\":{\"name\":\"Andrea Rizzato\",\"@id\":\"https:\/\/marinaportoantico.it\/fr\/#\/schema\/person\/dc25a7a042ccc24cc87a63d415fa3c89\"},\"headline\":\"De Camogli \u00e0 Punta Chiappa, la Stella Maris et les beaut\u00e9s de la c\u00f4te ligure\",\"datePublished\":\"2017-07-27T21:33:22+00:00\",\"mainEntityOfPage\":{\"@id\":\"https:\/\/marinaportoantico.it\/fr\/de-camogli-a-punta-chiappa-la-stella-maris-et-les-beautes-de-la-cote-ligure\/\"},\"wordCount\":1081,\"publisher\":{\"@id\":\"https:\/\/marinaportoantico.it\/fr\/#organization\"},\"image\":{\"@id\":\"https:\/\/marinaportoantico.it\/fr\/de-camogli-a-punta-chiappa-la-stella-maris-et-les-beautes-de-la-cote-ligure\/#primaryimage\"},\"thumbnailUrl\":\"https:\/\/marinaportoantico.it\/wp-content\/uploads\/2017\/07\/Stella-Maris-1024x613-1.jpg\",\"articleSection\":[\"News\"],\"inLanguage\":\"fr-FR\"},{\"@type\":\"WebPage\",\"@id\":\"https:\/\/marinaportoantico.it\/fr\/de-camogli-a-punta-chiappa-la-stella-maris-et-les-beautes-de-la-cote-ligure\/\",\"url\":\"https:\/\/marinaportoantico.it\/fr\/de-camogli-a-punta-chiappa-la-stella-maris-et-les-beautes-de-la-cote-ligure\/\",\"name\":\"De Camogli \u00e0 Punta Chiappa, la Stella Maris et les beaut\u00e9s de la c\u00f4te ligure\",\"isPartOf\":{\"@id\":\"https:\/\/marinaportoantico.it\/fr\/#website\"},\"primaryImageOfPage\":{\"@id\":\"https:\/\/marinaportoantico.it\/fr\/de-camogli-a-punta-chiappa-la-stella-maris-et-les-beautes-de-la-cote-ligure\/#primaryimage\"},\"image\":{\"@id\":\"https:\/\/marinaportoantico.it\/fr\/de-camogli-a-punta-chiappa-la-stella-maris-et-les-beautes-de-la-cote-ligure\/#primaryimage\"},\"thumbnailUrl\":\"https:\/\/marinaportoantico.it\/wp-content\/uploads\/2017\/07\/Stella-Maris-1024x613-1.jpg\",\"datePublished\":\"2017-07-27T21:33:22+00:00\",\"description\":\"Le 6 ao\u00fbt, la Stella Maris illuminera la mer de Ligurie avec les lanternes des armateurs. Un \u00e9v\u00e9nement sp\u00e9cial dans le cadre unique de Camogli \u00e0 Punta Chiappa\",\"breadcrumb\":{\"@id\":\"https:\/\/marinaportoantico.it\/fr\/de-camogli-a-punta-chiappa-la-stella-maris-et-les-beautes-de-la-cote-ligure\/#breadcrumb\"},\"inLanguage\":\"fr-FR\",\"potentialAction\":[{\"@type\":\"ReadAction\",\"target\":[\"https:\/\/marinaportoantico.it\/fr\/de-camogli-a-punta-chiappa-la-stella-maris-et-les-beautes-de-la-cote-ligure\/\"]}]},{\"@type\":\"ImageObject\",\"inLanguage\":\"fr-FR\",\"@id\":\"https:\/\/marinaportoantico.it\/fr\/de-camogli-a-punta-chiappa-la-stella-maris-et-les-beautes-de-la-cote-ligure\/#primaryimage\",\"url\":\"https:\/\/marinaportoantico.it\/wp-content\/uploads\/2017\/07\/Stella-Maris-1024x613-1.jpg\",\"contentUrl\":\"https:\/\/marinaportoantico.it\/wp-content\/uploads\/2017\/07\/Stella-Maris-1024x613-1.jpg\",\"width\":1024,\"height\":613},{\"@type\":\"BreadcrumbList\",\"@id\":\"https:\/\/marinaportoantico.it\/fr\/de-camogli-a-punta-chiappa-la-stella-maris-et-les-beautes-de-la-cote-ligure\/#breadcrumb\",\"itemListElement\":[{\"@type\":\"ListItem\",\"position\":1,\"name\":\"Home\",\"item\":\"https:\/\/marinaportoantico.it\/fr\/home-page\/\"},{\"@type\":\"ListItem\",\"position\":2,\"name\":\"De Camogli \u00e0 Punta Chiappa, la Stella Maris et les beaut\u00e9s de la c\u00f4te ligure\"}]},{\"@type\":\"WebSite\",\"@id\":\"https:\/\/marinaportoantico.it\/fr\/#website\",\"url\":\"https:\/\/marinaportoantico.it\/fr\/\",\"name\":\"Marina Porto Antico\",\"description\":\"Ormeggi e posti barca nel centro storico di Genova\",\"publisher\":{\"@id\":\"https:\/\/marinaportoantico.it\/fr\/#organization\"},\"alternateName\":\"Marina Porto Antico\",\"potentialAction\":[{\"@type\":\"SearchAction\",\"target\":{\"@type\":\"EntryPoint\",\"urlTemplate\":\"https:\/\/marinaportoantico.it\/fr\/?s={search_term_string}\"},\"query-input\":{\"@type\":\"PropertyValueSpecification\",\"valueRequired\":true,\"valueName\":\"search_term_string\"}}],\"inLanguage\":\"fr-FR\"},{\"@type\":\"Organization\",\"@id\":\"https:\/\/marinaportoantico.it\/fr\/#organization\",\"name\":\"Marina Porto Antico\",\"alternateName\":\"Logo-Marina-Porto-Antico\",\"url\":\"https:\/\/marinaportoantico.it\/fr\/\",\"logo\":{\"@type\":\"ImageObject\",\"inLanguage\":\"fr-FR\",\"@id\":\"https:\/\/marinaportoantico.it\/fr\/#\/schema\/logo\/image\/\",\"url\":\"https:\/\/marinaportoantico.it\/wp-content\/uploads\/2023\/02\/Logo-Marina-Porto-Antico.png\",\"contentUrl\":\"https:\/\/marinaportoantico.it\/wp-content\/uploads\/2023\/02\/Logo-Marina-Porto-Antico.png\",\"width\":250,\"height\":150,\"caption\":\"Marina Porto Antico\"},\"image\":{\"@id\":\"https:\/\/marinaportoantico.it\/fr\/#\/schema\/logo\/image\/\"},\"sameAs\":[\"https:\/\/www.facebook.com\/Marina.di.Genova\/\",\"https:\/\/www.linkedin.com\/in\/marina-porto-antico-81394387\/\",\"https:\/\/www.instagram.com\/marina_porto_antico\/\"]},{\"@type\":\"Person\",\"@id\":\"https:\/\/marinaportoantico.it\/fr\/#\/schema\/person\/dc25a7a042ccc24cc87a63d415fa3c89\",\"name\":\"Andrea Rizzato\",\"image\":{\"@type\":\"ImageObject\",\"inLanguage\":\"fr-FR\",\"@id\":\"https:\/\/marinaportoantico.it\/fr\/#\/schema\/person\/image\/\",\"url\":\"https:\/\/secure.gravatar.com\/avatar\/f14c3652d4ed409e0d7e0c1ea905c349c418eb639ada0fbaa9e30e5d7ac44b5f?s=96&d=mm&r=g\",\"contentUrl\":\"https:\/\/secure.gravatar.com\/avatar\/f14c3652d4ed409e0d7e0c1ea905c349c418eb639ada0fbaa9e30e5d7ac44b5f?s=96&d=mm&r=g\",\"caption\":\"Andrea Rizzato\"}}]}<\/script>\n<!-- \/ Yoast SEO plugin. -->","yoast_head_json":{"title":"De Camogli \u00e0 Punta Chiappa, la Stella Maris et les beaut\u00e9s de la c\u00f4te ligure","description":"Le 6 ao\u00fbt, la Stella Maris illuminera la mer de Ligurie avec les lanternes des armateurs. Un \u00e9v\u00e9nement sp\u00e9cial dans le cadre unique de Camogli \u00e0 Punta Chiappa","robots":{"index":"index","follow":"follow","max-snippet":"max-snippet:-1","max-image-preview":"max-image-preview:large","max-video-preview":"max-video-preview:-1"},"canonical":"https:\/\/marinaportoantico.it\/fr\/de-camogli-a-punta-chiappa-la-stella-maris-et-les-beautes-de-la-cote-ligure\/","og_locale":"fr_FR","og_type":"article","og_title":"De Camogli \u00e0 Punta Chiappa, la Stella Maris et les beaut\u00e9s de la c\u00f4te ligure","og_description":"Le 6 ao\u00fbt, la Stella Maris illuminera la mer de Ligurie avec les lanternes des armateurs. Un \u00e9v\u00e9nement sp\u00e9cial dans le cadre unique de Camogli \u00e0 Punta Chiappa","og_url":"https:\/\/marinaportoantico.it\/fr\/de-camogli-a-punta-chiappa-la-stella-maris-et-les-beautes-de-la-cote-ligure\/","og_site_name":"Marina Porto Antico","article_publisher":"https:\/\/www.facebook.com\/Marina.di.Genova\/","article_published_time":"2017-07-27T21:33:22+00:00","og_image":[{"width":1024,"height":613,"url":"https:\/\/marinaportoantico.it\/wp-content\/uploads\/2017\/07\/Stella-Maris-1024x613-1.jpg","type":"image\/jpeg"}],"author":"Andrea Rizzato","twitter_card":"summary_large_image","twitter_misc":{"\u00c9crit par":"Andrea Rizzato","Dur\u00e9e de lecture estim\u00e9e":"5 minutes"},"schema":{"@context":"https:\/\/schema.org","@graph":[{"@type":"Article","@id":"https:\/\/marinaportoantico.it\/fr\/de-camogli-a-punta-chiappa-la-stella-maris-et-les-beautes-de-la-cote-ligure\/#article","isPartOf":{"@id":"https:\/\/marinaportoantico.it\/fr\/de-camogli-a-punta-chiappa-la-stella-maris-et-les-beautes-de-la-cote-ligure\/"},"author":{"name":"Andrea Rizzato","@id":"https:\/\/marinaportoantico.it\/fr\/#\/schema\/person\/dc25a7a042ccc24cc87a63d415fa3c89"},"headline":"De Camogli \u00e0 Punta Chiappa, la Stella Maris et les beaut\u00e9s de la c\u00f4te ligure","datePublished":"2017-07-27T21:33:22+00:00","mainEntityOfPage":{"@id":"https:\/\/marinaportoantico.it\/fr\/de-camogli-a-punta-chiappa-la-stella-maris-et-les-beautes-de-la-cote-ligure\/"},"wordCount":1081,"publisher":{"@id":"https:\/\/marinaportoantico.it\/fr\/#organization"},"image":{"@id":"https:\/\/marinaportoantico.it\/fr\/de-camogli-a-punta-chiappa-la-stella-maris-et-les-beautes-de-la-cote-ligure\/#primaryimage"},"thumbnailUrl":"https:\/\/marinaportoantico.it\/wp-content\/uploads\/2017\/07\/Stella-Maris-1024x613-1.jpg","articleSection":["News"],"inLanguage":"fr-FR"},{"@type":"WebPage","@id":"https:\/\/marinaportoantico.it\/fr\/de-camogli-a-punta-chiappa-la-stella-maris-et-les-beautes-de-la-cote-ligure\/","url":"https:\/\/marinaportoantico.it\/fr\/de-camogli-a-punta-chiappa-la-stella-maris-et-les-beautes-de-la-cote-ligure\/","name":"De Camogli \u00e0 Punta Chiappa, la Stella Maris et les beaut\u00e9s de la c\u00f4te ligure","isPartOf":{"@id":"https:\/\/marinaportoantico.it\/fr\/#website"},"primaryImageOfPage":{"@id":"https:\/\/marinaportoantico.it\/fr\/de-camogli-a-punta-chiappa-la-stella-maris-et-les-beautes-de-la-cote-ligure\/#primaryimage"},"image":{"@id":"https:\/\/marinaportoantico.it\/fr\/de-camogli-a-punta-chiappa-la-stella-maris-et-les-beautes-de-la-cote-ligure\/#primaryimage"},"thumbnailUrl":"https:\/\/marinaportoantico.it\/wp-content\/uploads\/2017\/07\/Stella-Maris-1024x613-1.jpg","datePublished":"2017-07-27T21:33:22+00:00","description":"Le 6 ao\u00fbt, la Stella Maris illuminera la mer de Ligurie avec les lanternes des armateurs. Un \u00e9v\u00e9nement sp\u00e9cial dans le cadre unique de Camogli \u00e0 Punta Chiappa","breadcrumb":{"@id":"https:\/\/marinaportoantico.it\/fr\/de-camogli-a-punta-chiappa-la-stella-maris-et-les-beautes-de-la-cote-ligure\/#breadcrumb"},"inLanguage":"fr-FR","potentialAction":[{"@type":"ReadAction","target":["https:\/\/marinaportoantico.it\/fr\/de-camogli-a-punta-chiappa-la-stella-maris-et-les-beautes-de-la-cote-ligure\/"]}]},{"@type":"ImageObject","inLanguage":"fr-FR","@id":"https:\/\/marinaportoantico.it\/fr\/de-camogli-a-punta-chiappa-la-stella-maris-et-les-beautes-de-la-cote-ligure\/#primaryimage","url":"https:\/\/marinaportoantico.it\/wp-content\/uploads\/2017\/07\/Stella-Maris-1024x613-1.jpg","contentUrl":"https:\/\/marinaportoantico.it\/wp-content\/uploads\/2017\/07\/Stella-Maris-1024x613-1.jpg","width":1024,"height":613},{"@type":"BreadcrumbList","@id":"https:\/\/marinaportoantico.it\/fr\/de-camogli-a-punta-chiappa-la-stella-maris-et-les-beautes-de-la-cote-ligure\/#breadcrumb","itemListElement":[{"@type":"ListItem","position":1,"name":"Home","item":"https:\/\/marinaportoantico.it\/fr\/home-page\/"},{"@type":"ListItem","position":2,"name":"De Camogli \u00e0 Punta Chiappa, la Stella Maris et les beaut\u00e9s de la c\u00f4te ligure"}]},{"@type":"WebSite","@id":"https:\/\/marinaportoantico.it\/fr\/#website","url":"https:\/\/marinaportoantico.it\/fr\/","name":"Marina Porto Antico","description":"Ormeggi e posti barca nel centro storico di Genova","publisher":{"@id":"https:\/\/marinaportoantico.it\/fr\/#organization"},"alternateName":"Marina Porto Antico","potentialAction":[{"@type":"SearchAction","target":{"@type":"EntryPoint","urlTemplate":"https:\/\/marinaportoantico.it\/fr\/?s={search_term_string}"},"query-input":{"@type":"PropertyValueSpecification","valueRequired":true,"valueName":"search_term_string"}}],"inLanguage":"fr-FR"},{"@type":"Organization","@id":"https:\/\/marinaportoantico.it\/fr\/#organization","name":"Marina Porto Antico","alternateName":"Logo-Marina-Porto-Antico","url":"https:\/\/marinaportoantico.it\/fr\/","logo":{"@type":"ImageObject","inLanguage":"fr-FR","@id":"https:\/\/marinaportoantico.it\/fr\/#\/schema\/logo\/image\/","url":"https:\/\/marinaportoantico.it\/wp-content\/uploads\/2023\/02\/Logo-Marina-Porto-Antico.png","contentUrl":"https:\/\/marinaportoantico.it\/wp-content\/uploads\/2023\/02\/Logo-Marina-Porto-Antico.png","width":250,"height":150,"caption":"Marina Porto Antico"},"image":{"@id":"https:\/\/marinaportoantico.it\/fr\/#\/schema\/logo\/image\/"},"sameAs":["https:\/\/www.facebook.com\/Marina.di.Genova\/","https:\/\/www.linkedin.com\/in\/marina-porto-antico-81394387\/","https:\/\/www.instagram.com\/marina_porto_antico\/"]},{"@type":"Person","@id":"https:\/\/marinaportoantico.it\/fr\/#\/schema\/person\/dc25a7a042ccc24cc87a63d415fa3c89","name":"Andrea Rizzato","image":{"@type":"ImageObject","inLanguage":"fr-FR","@id":"https:\/\/marinaportoantico.it\/fr\/#\/schema\/person\/image\/","url":"https:\/\/secure.gravatar.com\/avatar\/f14c3652d4ed409e0d7e0c1ea905c349c418eb639ada0fbaa9e30e5d7ac44b5f?s=96&d=mm&r=g","contentUrl":"https:\/\/secure.gravatar.com\/avatar\/f14c3652d4ed409e0d7e0c1ea905c349c418eb639ada0fbaa9e30e5d7ac44b5f?s=96&d=mm&r=g","caption":"Andrea Rizzato"}}]}},"_links":{"self":[{"href":"https:\/\/marinaportoantico.it\/fr\/wp-json\/wp\/v2\/posts\/25911","targetHints":{"allow":["GET"]}}],"collection":[{"href":"https:\/\/marinaportoantico.it\/fr\/wp-json\/wp\/v2\/posts"}],"about":[{"href":"https:\/\/marinaportoantico.it\/fr\/wp-json\/wp\/v2\/types\/post"}],"author":[{"embeddable":true,"href":"https:\/\/marinaportoantico.it\/fr\/wp-json\/wp\/v2\/users\/2"}],"replies":[{"embeddable":true,"href":"https:\/\/marinaportoantico.it\/fr\/wp-json\/wp\/v2\/comments?post=25911"}],"version-history":[{"count":0,"href":"https:\/\/marinaportoantico.it\/fr\/wp-json\/wp\/v2\/posts\/25911\/revisions"}],"wp:featuredmedia":[{"embeddable":true,"href":"https:\/\/marinaportoantico.it\/fr\/wp-json\/wp\/v2\/media\/20170"}],"wp:attachment":[{"href":"https:\/\/marinaportoantico.it\/fr\/wp-json\/wp\/v2\/media?parent=25911"}],"wp:term":[{"taxonomy":"category","embeddable":true,"href":"https:\/\/marinaportoantico.it\/fr\/wp-json\/wp\/v2\/categories?post=25911"},{"taxonomy":"post_tag","embeddable":true,"href":"https:\/\/marinaportoantico.it\/fr\/wp-json\/wp\/v2\/tags?post=25911"}],"curies":[{"name":"wp","href":"https:\/\/api.w.org\/{rel}","templated":true}]}}