{"id":27469,"date":"2026-09-02T09:00:00","date_gmt":"2026-09-02T08:00:00","guid":{"rendered":"https:\/\/marinaportoantico.it\/un-grand-classique-en-toute-saison-en-bateau-de-genes-a-portofino\/"},"modified":"2026-09-02T09:00:35","modified_gmt":"2026-09-02T08:00:35","slug":"un-grand-classique-en-toute-saison-en-bateau-de-genes-a-portofino","status":"publish","type":"post","link":"https:\/\/marinaportoantico.it\/fr\/un-grand-classique-en-toute-saison-en-bateau-de-genes-a-portofino\/","title":{"rendered":"Un grand classique en toute saison : en bateau, de G\u00eanes \u00e0 Portofino"},"content":{"rendered":"\n<p><\/p>\n\n<p>Une destination qui n&rsquo;a pas besoin d&rsquo;\u00eatre pr\u00e9sent\u00e9e, l&rsquo;une des stations baln\u00e9aires italiennes les plus c\u00e9l\u00e8bres, une destination pris\u00e9e des stars du monde entier : impossible de ne pas la conna\u00eetre  <strong>Portofino<\/strong>, joyau de la c\u00f4te ligure  <strong>\u00e0 quelques kilom\u00e8tres de G\u00eanes<\/strong>, et donc \u00e9galement \u00e0 proximit\u00e9 des  <strong>places de port<\/strong>  de notre  <a href=\"https:\/\/marinaportoantico.it\/fr\/\" type=\"page\" id=\"6\">port de plaisance au c\u0153ur de la Ville<\/a>. Il n\u2019est pas surprenant que la<strong>  excursion en bateau de G\u00eanes \u00e0 Portofino<\/strong>  qu&rsquo;il soit un grand classique intemporel  <strong>classique<\/strong>, l&rsquo;itin\u00e9raire id\u00e9al pour une journ\u00e9e en mer plac\u00e9e sous le signe de la navigation et de la beaut\u00e9. Avec son atmosph\u00e8re unique \u2013 un peu comme dans un film, un peu comme \u00e0 une autre \u00e9poque \u2013, cet  <strong>village de p\u00eacheurs<\/strong>  C&rsquo;est un spectacle \u00e0 voir et \u00e0 revoir, sans jamais s&rsquo;en lasser : voici quelques id\u00e9es d&rsquo;excursions en bateau au d\u00e9part de notre  <strong>port de G\u00eanes<\/strong>  \u00e0 Portofino, avec ses maisons aux couleurs vives qui se refl\u00e8tent dans l&rsquo;eau.<\/p>\n\n<h2 class=\"wp-block-heading\"><strong>L&rsquo;itin\u00e9raire en bateau de G\u00eanes \u00e0 Portofino<\/strong><\/h2>\n\n<p>La balade en bateau de G\u00eanes \u00e0 Portofino est courte \u2013 depuis notre petit port,<strong> il n\u2019y a que 15 milles marins<\/strong> \u2013 mais elle regorge de panoramas incontournables et d\u2019escales possibles. En sortant du port, on met en effet le cap vers l\u2019est le long de la c\u00f4te, afin de d\u00e9couvrir d\u2019abord le visage le plus authentique de G\u00eanes \u2013 celui que l\u2019on ne voit que depuis la mer, comme c\u2019est le cas pour les villes portuaires historiques \u2013 puis celui des premiers villages de p\u00eacheurs de la c\u00f4te orientale. \u00c0 nos c\u00f4t\u00e9s d\u00e9filent en effet Nervi, Bogliasco, Sori, Recco, pour arriver jusqu\u2019\u00e0 <a href=\"https:\/\/marinaportoantico.it\/fr\/de-camogli-a-punta-chiappa-la-stella-maris-et-les-beautes-de-la-cote-ligure\/\" type=\"post\" id=\"11017\" target=\"_blank\" rel=\"noreferrer noopener\">Camogli<\/a>, o\u00f9 vous pourrez \u00e9ventuellement faire une halte ; une autre \u00e9tape fascinante de cette excursion en bateau de G\u00eanes \u00e0 Portofino, une fois Punta Chiappa d\u00e9pass\u00e9e, peut \u00e9galement \u00eatre <a href=\"https:\/\/marinaportoantico.it\/fr\/de-genes-a-san-fruttuoso-en-bateau\/\" type=\"post\" id=\"26238\" target=\"_blank\" rel=\"noreferrer noopener\">San Fruttuoso<\/a>, avec sa c\u00e9l\u00e8bre <strong>abbaye<\/strong>, accessible uniquement par la mer ou \u00e0 pied. De l\u00e0, il ne reste plus que 3 milles marins pour rejoindre Portofino, apr\u00e8s avoir doubl\u00e9 le phare du m\u00eame nom, \u00e0 l\u2019extr\u00e9mit\u00e9 de la p\u00e9ninsule qui abrite le <strong>ch\u00e2teau Brown.<\/strong> Une fois arriv\u00e9s dans cette crique pittoresque, plusieurs possibilit\u00e9s de mouillage s\u2019offrent \u00e0 vous, <strong>allant <\/strong>des <strong>bou\u00e9es aux <\/strong>v\u00e9ritables <a href=\"https:\/\/marinaportoantico.it\/fr\/comment-reserver-une-place-de-port-les-etapes-a-suivre-pour-ne-pas-se-tromper\/\" type=\"post\" id=\"22232\" target=\"_blank\" rel=\"noreferrer noopener\">places d\u2019amarrage<\/a>.<\/p>\n\n<h2 class=\"wp-block-heading\"><strong>Que voir \u00e0 Portofino ?<\/strong><\/h2>\n\n<p>Une fois le bateau amarr\u00e9 en toute s\u00e9curit\u00e9 dans la crique du village de p\u00eacheurs, on respire d\u00e9j\u00e0 l&rsquo;atmosph\u00e8re unique de Portofino : ses hautes maisons color\u00e9es, adoss\u00e9es les unes aux autres, qui encadrent le  <strong>petit port ligure<\/strong>, attirent imm\u00e9diatement le regard. Compte tenu de cette vue saisissante, qui attire le regard vers le centre du village, et compte tenu de la taille modeste du village, ou<strong>Il est tr\u00e8s facile de se rep\u00e9rer.<\/strong>  Le point de d\u00e9part de chaque promenade est toutefois sans aucun doute le<strong>cette c\u00e9l\u00e8bre petite place,  <\/strong>symbole et c\u0153ur de Portofino, un \u00e9l\u00e9gant salon \u00e0 ciel ouvert qui a longtemps incarn\u00e9 la Dolce Vita. Ici, on ne manque pas de  <strong>boutique  <\/strong>des plus grandes marques, ainsi que des \u00e9tablissements proposant des ap\u00e9ritifs en tout genre.<\/p>\n\n<p>Ceux qui se rendent en bateau de G\u00eanes \u00e0 Portofino ne recherchent toutefois pas uniquement l&rsquo;animation de la place au bord de la mer. Il suffit alors de quelques pas pour d\u00e9couvrir quelques sites int\u00e9ressants  <strong>\u00e9glises<\/strong>, comme celles de Saint-Martin et de Saint-Georges. Une promenade d\u2019environ dix minutes vous permettra de rejoindre le ch\u00e2teau Brown \u2013 autrefois appel\u00e9<strong>  Forteresse de Saint-Georges \u2013<\/strong>  qui offre, entre autres, une vue magnifique ainsi que des jardins d&rsquo;une rare beaut\u00e9. Ceux qui entreprennent la mont\u00e9e vers la demeure noble peuvent par ailleurs choisir de poursuivre leur chemin,  <strong>pour se rendre au phare<\/strong>  et profiter d&rsquo;une vue imprenable sur toute la baie. Il convient de souligner que le phare de Portofino est ouvert au public, sauf pendant les mois d&rsquo;hiver et les jours o\u00f9 les conditions m\u00e9t\u00e9orologiques sont d\u00e9favorables.<\/p>\n\n<p>Enfin, il convient de mentionner certaines des plus belles plages et des plus r\u00e9put\u00e9es de la r\u00e9gion : citons tout de suite la<strong> plage de la Niasca,<\/strong> dans la baie de <strong>Paraggi<\/strong>, la plage voisine de Baia Cannone, ou encore<strong>celle de l\u2019Olivetta, toute petite <\/strong>et situ\u00e9e pr\u00e8s du phare.<\/p>\n\n<p>Il ne vous reste plus qu\u2019\u00e0 organiser votre excursion en bateau de G\u00eanes \u00e0 Portofino :<strong> nous vous attendons \u00e0 Marina Porto Antico pour un amarrage s\u00fbr et confortable,<\/strong> bien s\u00fbr en plein c\u0153ur de la Ville.<\/p>\n\n<p><\/p>\n","protected":false},"excerpt":{"rendered":"<p>Une destination qui n&rsquo;a pas besoin d&rsquo;\u00eatre pr\u00e9sent\u00e9e, l&rsquo;une des stations baln\u00e9aires italiennes les plus c\u00e9l\u00e8bres, une destination pris\u00e9e des stars du monde entier : impossible de ne pas la conna\u00eetre Portofino, joyau de la c\u00f4te ligure \u00e0 quelques kilom\u00e8tres de G\u00eanes, et donc \u00e9galement \u00e0 proximit\u00e9 des places de port de notre port de [&hellip;]<\/p>\n","protected":false},"author":5,"featured_media":27426,"comment_status":"closed","ping_status":"closed","sticky":false,"template":"","format":"standard","meta":{"footnotes":""},"categories":[234],"tags":[],"class_list":["post-27469","post","type-post","status-publish","format-standard","has-post-thumbnail","hentry","category-itineraires-en-bateau"],"yoast_head":"<!-- This site is optimized with the Yoast SEO plugin v26.8 - https:\/\/yoast.com\/product\/yoast-seo-wordpress\/ -->\n<title>Un grand classique en toute saison : en bateau, de G\u00eanes \u00e0 Portofino - Marina Porto Antico<\/title>\n<meta name=\"description\" content=\"D\u00e9couvrons ensemble l&#039;itin\u00e9raire en bateau entre G\u00eanes et Portofino, ainsi que les sites \u00e0 ne pas manquer dans ce c\u00e9l\u00e8bre village de p\u00eacheurs, situ\u00e9 \u00e0 15 milles de nos places d&#039;amarrage\" \/>\n<meta name=\"robots\" content=\"index, follow, max-snippet:-1, max-image-preview:large, max-video-preview:-1\" \/>\n<link rel=\"canonical\" href=\"https:\/\/marinaportoantico.it\/fr\/un-grand-classique-en-toute-saison-en-bateau-de-genes-a-portofino\/\" \/>\n<meta property=\"og:locale\" content=\"fr_FR\" \/>\n<meta property=\"og:type\" content=\"article\" \/>\n<meta property=\"og:title\" content=\"Un grand classique en toute saison : en bateau, de G\u00eanes \u00e0 Portofino - Marina Porto Antico\" \/>\n<meta property=\"og:description\" content=\"D\u00e9couvrons ensemble l&#039;itin\u00e9raire en bateau entre G\u00eanes et Portofino, ainsi que les sites \u00e0 ne pas manquer dans ce c\u00e9l\u00e8bre village de p\u00eacheurs, situ\u00e9 \u00e0 15 milles de nos places d&#039;amarrage\" \/>\n<meta property=\"og:url\" content=\"https:\/\/marinaportoantico.it\/fr\/un-grand-classique-en-toute-saison-en-bateau-de-genes-a-portofino\/\" \/>\n<meta property=\"og:site_name\" content=\"Marina Porto Antico\" \/>\n<meta property=\"article:publisher\" content=\"https:\/\/www.facebook.com\/Marina.di.Genova\/\" \/>\n<meta property=\"article:published_time\" content=\"2026-09-02T08:00:00+00:00\" \/>\n<meta property=\"article:modified_time\" content=\"2026-09-02T08:00:35+00:00\" \/>\n<meta property=\"og:image\" content=\"https:\/\/marinaportoantico.it\/wp-content\/uploads\/2026\/08\/jonas-fink-fVCvr6aw_mw-unsplash.jpg\" \/>\n\t<meta property=\"og:image:width\" content=\"1920\" \/>\n\t<meta property=\"og:image:height\" content=\"1280\" \/>\n\t<meta property=\"og:image:type\" content=\"image\/jpeg\" \/>\n<meta name=\"author\" content=\"Nicola Andreatta\" \/>\n<meta name=\"twitter:card\" content=\"summary_large_image\" \/>\n<meta name=\"twitter:label1\" content=\"\u00c9crit par\" \/>\n\t<meta name=\"twitter:data1\" content=\"Nicola Andreatta\" \/>\n\t<meta name=\"twitter:label2\" content=\"Dur\u00e9e de lecture estim\u00e9e\" \/>\n\t<meta name=\"twitter:data2\" content=\"4 minutes\" \/>\n<script type=\"application\/ld+json\" class=\"yoast-schema-graph\">{\"@context\":\"https:\/\/schema.org\",\"@graph\":[{\"@type\":\"Article\",\"@id\":\"https:\/\/marinaportoantico.it\/fr\/un-grand-classique-en-toute-saison-en-bateau-de-genes-a-portofino\/#article\",\"isPartOf\":{\"@id\":\"https:\/\/marinaportoantico.it\/fr\/un-grand-classique-en-toute-saison-en-bateau-de-genes-a-portofino\/\"},\"author\":{\"name\":\"Nicola Andreatta\",\"@id\":\"https:\/\/marinaportoantico.it\/fr\/#\/schema\/person\/f5c4f6b0806652b1e6a1ebca6009dace\"},\"headline\":\"Un grand classique en toute saison : en bateau, de G\u00eanes \u00e0 Portofino\",\"datePublished\":\"2026-09-02T08:00:00+00:00\",\"dateModified\":\"2026-09-02T08:00:35+00:00\",\"mainEntityOfPage\":{\"@id\":\"https:\/\/marinaportoantico.it\/fr\/un-grand-classique-en-toute-saison-en-bateau-de-genes-a-portofino\/\"},\"wordCount\":789,\"publisher\":{\"@id\":\"https:\/\/marinaportoantico.it\/fr\/#organization\"},\"image\":{\"@id\":\"https:\/\/marinaportoantico.it\/fr\/un-grand-classique-en-toute-saison-en-bateau-de-genes-a-portofino\/#primaryimage\"},\"thumbnailUrl\":\"https:\/\/marinaportoantico.it\/wp-content\/uploads\/2026\/08\/jonas-fink-fVCvr6aw_mw-unsplash.jpg\",\"articleSection\":[\"itin\u00e9raires en bateau\"],\"inLanguage\":\"fr-FR\"},{\"@type\":\"WebPage\",\"@id\":\"https:\/\/marinaportoantico.it\/fr\/un-grand-classique-en-toute-saison-en-bateau-de-genes-a-portofino\/\",\"url\":\"https:\/\/marinaportoantico.it\/fr\/un-grand-classique-en-toute-saison-en-bateau-de-genes-a-portofino\/\",\"name\":\"Un grand classique en toute saison : en bateau, de G\u00eanes \u00e0 Portofino - Marina Porto Antico\",\"isPartOf\":{\"@id\":\"https:\/\/marinaportoantico.it\/fr\/#website\"},\"primaryImageOfPage\":{\"@id\":\"https:\/\/marinaportoantico.it\/fr\/un-grand-classique-en-toute-saison-en-bateau-de-genes-a-portofino\/#primaryimage\"},\"image\":{\"@id\":\"https:\/\/marinaportoantico.it\/fr\/un-grand-classique-en-toute-saison-en-bateau-de-genes-a-portofino\/#primaryimage\"},\"thumbnailUrl\":\"https:\/\/marinaportoantico.it\/wp-content\/uploads\/2026\/08\/jonas-fink-fVCvr6aw_mw-unsplash.jpg\",\"datePublished\":\"2026-09-02T08:00:00+00:00\",\"dateModified\":\"2026-09-02T08:00:35+00:00\",\"description\":\"D\u00e9couvrons ensemble l'itin\u00e9raire en bateau entre G\u00eanes et Portofino, ainsi que les sites \u00e0 ne pas manquer dans ce c\u00e9l\u00e8bre village de p\u00eacheurs, situ\u00e9 \u00e0 15 milles de nos places d'amarrage\",\"breadcrumb\":{\"@id\":\"https:\/\/marinaportoantico.it\/fr\/un-grand-classique-en-toute-saison-en-bateau-de-genes-a-portofino\/#breadcrumb\"},\"inLanguage\":\"fr-FR\",\"potentialAction\":[{\"@type\":\"ReadAction\",\"target\":[\"https:\/\/marinaportoantico.it\/fr\/un-grand-classique-en-toute-saison-en-bateau-de-genes-a-portofino\/\"]}]},{\"@type\":\"ImageObject\",\"inLanguage\":\"fr-FR\",\"@id\":\"https:\/\/marinaportoantico.it\/fr\/un-grand-classique-en-toute-saison-en-bateau-de-genes-a-portofino\/#primaryimage\",\"url\":\"https:\/\/marinaportoantico.it\/wp-content\/uploads\/2026\/08\/jonas-fink-fVCvr6aw_mw-unsplash.jpg\",\"contentUrl\":\"https:\/\/marinaportoantico.it\/wp-content\/uploads\/2026\/08\/jonas-fink-fVCvr6aw_mw-unsplash.jpg\",\"width\":1920,\"height\":1280,\"caption\":\"in barca da Genova a Portofino\"},{\"@type\":\"BreadcrumbList\",\"@id\":\"https:\/\/marinaportoantico.it\/fr\/un-grand-classique-en-toute-saison-en-bateau-de-genes-a-portofino\/#breadcrumb\",\"itemListElement\":[{\"@type\":\"ListItem\",\"position\":1,\"name\":\"Home\",\"item\":\"https:\/\/marinaportoantico.it\/fr\/home-page\/\"},{\"@type\":\"ListItem\",\"position\":2,\"name\":\"Un grand classique en toute saison : en bateau, de G\u00eanes \u00e0 Portofino\"}]},{\"@type\":\"WebSite\",\"@id\":\"https:\/\/marinaportoantico.it\/fr\/#website\",\"url\":\"https:\/\/marinaportoantico.it\/fr\/\",\"name\":\"Marina Porto Antico\",\"description\":\"Ormeggi e posti barca nel centro storico di Genova\",\"publisher\":{\"@id\":\"https:\/\/marinaportoantico.it\/fr\/#organization\"},\"alternateName\":\"Marina Porto Antico\",\"potentialAction\":[{\"@type\":\"SearchAction\",\"target\":{\"@type\":\"EntryPoint\",\"urlTemplate\":\"https:\/\/marinaportoantico.it\/fr\/?s={search_term_string}\"},\"query-input\":{\"@type\":\"PropertyValueSpecification\",\"valueRequired\":true,\"valueName\":\"search_term_string\"}}],\"inLanguage\":\"fr-FR\"},{\"@type\":\"Organization\",\"@id\":\"https:\/\/marinaportoantico.it\/fr\/#organization\",\"name\":\"Marina Porto Antico\",\"alternateName\":\"Logo-Marina-Porto-Antico\",\"url\":\"https:\/\/marinaportoantico.it\/fr\/\",\"logo\":{\"@type\":\"ImageObject\",\"inLanguage\":\"fr-FR\",\"@id\":\"https:\/\/marinaportoantico.it\/fr\/#\/schema\/logo\/image\/\",\"url\":\"https:\/\/marinaportoantico.it\/wp-content\/uploads\/2023\/02\/Logo-Marina-Porto-Antico.png\",\"contentUrl\":\"https:\/\/marinaportoantico.it\/wp-content\/uploads\/2023\/02\/Logo-Marina-Porto-Antico.png\",\"width\":250,\"height\":150,\"caption\":\"Marina Porto Antico\"},\"image\":{\"@id\":\"https:\/\/marinaportoantico.it\/fr\/#\/schema\/logo\/image\/\"},\"sameAs\":[\"https:\/\/www.facebook.com\/Marina.di.Genova\/\",\"https:\/\/www.linkedin.com\/in\/marina-porto-antico-81394387\/\",\"https:\/\/www.instagram.com\/marina_porto_antico\/\"]},{\"@type\":\"Person\",\"@id\":\"https:\/\/marinaportoantico.it\/fr\/#\/schema\/person\/f5c4f6b0806652b1e6a1ebca6009dace\",\"name\":\"Nicola Andreatta\",\"image\":{\"@type\":\"ImageObject\",\"inLanguage\":\"fr-FR\",\"@id\":\"https:\/\/marinaportoantico.it\/fr\/#\/schema\/person\/image\/\",\"url\":\"https:\/\/secure.gravatar.com\/avatar\/2546b1ebf2f07c470fb1e532572ff848fe6c343b1d8e71124ded175525dc65a2?s=96&d=mm&r=g\",\"contentUrl\":\"https:\/\/secure.gravatar.com\/avatar\/2546b1ebf2f07c470fb1e532572ff848fe6c343b1d8e71124ded175525dc65a2?s=96&d=mm&r=g\",\"caption\":\"Nicola Andreatta\"}}]}<\/script>\n<!-- \/ Yoast SEO plugin. -->","yoast_head_json":{"title":"Un grand classique en toute saison : en bateau, de G\u00eanes \u00e0 Portofino - Marina Porto Antico","description":"D\u00e9couvrons ensemble l'itin\u00e9raire en bateau entre G\u00eanes et Portofino, ainsi que les sites \u00e0 ne pas manquer dans ce c\u00e9l\u00e8bre village de p\u00eacheurs, situ\u00e9 \u00e0 15 milles de nos places d'amarrage","robots":{"index":"index","follow":"follow","max-snippet":"max-snippet:-1","max-image-preview":"max-image-preview:large","max-video-preview":"max-video-preview:-1"},"canonical":"https:\/\/marinaportoantico.it\/fr\/un-grand-classique-en-toute-saison-en-bateau-de-genes-a-portofino\/","og_locale":"fr_FR","og_type":"article","og_title":"Un grand classique en toute saison : en bateau, de G\u00eanes \u00e0 Portofino - Marina Porto Antico","og_description":"D\u00e9couvrons ensemble l'itin\u00e9raire en bateau entre G\u00eanes et Portofino, ainsi que les sites \u00e0 ne pas manquer dans ce c\u00e9l\u00e8bre village de p\u00eacheurs, situ\u00e9 \u00e0 15 milles de nos places d'amarrage","og_url":"https:\/\/marinaportoantico.it\/fr\/un-grand-classique-en-toute-saison-en-bateau-de-genes-a-portofino\/","og_site_name":"Marina Porto Antico","article_publisher":"https:\/\/www.facebook.com\/Marina.di.Genova\/","article_published_time":"2026-09-02T08:00:00+00:00","article_modified_time":"2026-09-02T08:00:35+00:00","og_image":[{"width":1920,"height":1280,"url":"https:\/\/marinaportoantico.it\/wp-content\/uploads\/2026\/08\/jonas-fink-fVCvr6aw_mw-unsplash.jpg","type":"image\/jpeg"}],"author":"Nicola Andreatta","twitter_card":"summary_large_image","twitter_misc":{"\u00c9crit par":"Nicola Andreatta","Dur\u00e9e de lecture estim\u00e9e":"4 minutes"},"schema":{"@context":"https:\/\/schema.org","@graph":[{"@type":"Article","@id":"https:\/\/marinaportoantico.it\/fr\/un-grand-classique-en-toute-saison-en-bateau-de-genes-a-portofino\/#article","isPartOf":{"@id":"https:\/\/marinaportoantico.it\/fr\/un-grand-classique-en-toute-saison-en-bateau-de-genes-a-portofino\/"},"author":{"name":"Nicola Andreatta","@id":"https:\/\/marinaportoantico.it\/fr\/#\/schema\/person\/f5c4f6b0806652b1e6a1ebca6009dace"},"headline":"Un grand classique en toute saison : en bateau, de G\u00eanes \u00e0 Portofino","datePublished":"2026-09-02T08:00:00+00:00","dateModified":"2026-09-02T08:00:35+00:00","mainEntityOfPage":{"@id":"https:\/\/marinaportoantico.it\/fr\/un-grand-classique-en-toute-saison-en-bateau-de-genes-a-portofino\/"},"wordCount":789,"publisher":{"@id":"https:\/\/marinaportoantico.it\/fr\/#organization"},"image":{"@id":"https:\/\/marinaportoantico.it\/fr\/un-grand-classique-en-toute-saison-en-bateau-de-genes-a-portofino\/#primaryimage"},"thumbnailUrl":"https:\/\/marinaportoantico.it\/wp-content\/uploads\/2026\/08\/jonas-fink-fVCvr6aw_mw-unsplash.jpg","articleSection":["itin\u00e9raires en bateau"],"inLanguage":"fr-FR"},{"@type":"WebPage","@id":"https:\/\/marinaportoantico.it\/fr\/un-grand-classique-en-toute-saison-en-bateau-de-genes-a-portofino\/","url":"https:\/\/marinaportoantico.it\/fr\/un-grand-classique-en-toute-saison-en-bateau-de-genes-a-portofino\/","name":"Un grand classique en toute saison : en bateau, de G\u00eanes \u00e0 Portofino - Marina Porto Antico","isPartOf":{"@id":"https:\/\/marinaportoantico.it\/fr\/#website"},"primaryImageOfPage":{"@id":"https:\/\/marinaportoantico.it\/fr\/un-grand-classique-en-toute-saison-en-bateau-de-genes-a-portofino\/#primaryimage"},"image":{"@id":"https:\/\/marinaportoantico.it\/fr\/un-grand-classique-en-toute-saison-en-bateau-de-genes-a-portofino\/#primaryimage"},"thumbnailUrl":"https:\/\/marinaportoantico.it\/wp-content\/uploads\/2026\/08\/jonas-fink-fVCvr6aw_mw-unsplash.jpg","datePublished":"2026-09-02T08:00:00+00:00","dateModified":"2026-09-02T08:00:35+00:00","description":"D\u00e9couvrons ensemble l'itin\u00e9raire en bateau entre G\u00eanes et Portofino, ainsi que les sites \u00e0 ne pas manquer dans ce c\u00e9l\u00e8bre village de p\u00eacheurs, situ\u00e9 \u00e0 15 milles de nos places d'amarrage","breadcrumb":{"@id":"https:\/\/marinaportoantico.it\/fr\/un-grand-classique-en-toute-saison-en-bateau-de-genes-a-portofino\/#breadcrumb"},"inLanguage":"fr-FR","potentialAction":[{"@type":"ReadAction","target":["https:\/\/marinaportoantico.it\/fr\/un-grand-classique-en-toute-saison-en-bateau-de-genes-a-portofino\/"]}]},{"@type":"ImageObject","inLanguage":"fr-FR","@id":"https:\/\/marinaportoantico.it\/fr\/un-grand-classique-en-toute-saison-en-bateau-de-genes-a-portofino\/#primaryimage","url":"https:\/\/marinaportoantico.it\/wp-content\/uploads\/2026\/08\/jonas-fink-fVCvr6aw_mw-unsplash.jpg","contentUrl":"https:\/\/marinaportoantico.it\/wp-content\/uploads\/2026\/08\/jonas-fink-fVCvr6aw_mw-unsplash.jpg","width":1920,"height":1280,"caption":"in barca da Genova a Portofino"},{"@type":"BreadcrumbList","@id":"https:\/\/marinaportoantico.it\/fr\/un-grand-classique-en-toute-saison-en-bateau-de-genes-a-portofino\/#breadcrumb","itemListElement":[{"@type":"ListItem","position":1,"name":"Home","item":"https:\/\/marinaportoantico.it\/fr\/home-page\/"},{"@type":"ListItem","position":2,"name":"Un grand classique en toute saison : en bateau, de G\u00eanes \u00e0 Portofino"}]},{"@type":"WebSite","@id":"https:\/\/marinaportoantico.it\/fr\/#website","url":"https:\/\/marinaportoantico.it\/fr\/","name":"Marina Porto Antico","description":"Ormeggi e posti barca nel centro storico di Genova","publisher":{"@id":"https:\/\/marinaportoantico.it\/fr\/#organization"},"alternateName":"Marina Porto Antico","potentialAction":[{"@type":"SearchAction","target":{"@type":"EntryPoint","urlTemplate":"https:\/\/marinaportoantico.it\/fr\/?s={search_term_string}"},"query-input":{"@type":"PropertyValueSpecification","valueRequired":true,"valueName":"search_term_string"}}],"inLanguage":"fr-FR"},{"@type":"Organization","@id":"https:\/\/marinaportoantico.it\/fr\/#organization","name":"Marina Porto Antico","alternateName":"Logo-Marina-Porto-Antico","url":"https:\/\/marinaportoantico.it\/fr\/","logo":{"@type":"ImageObject","inLanguage":"fr-FR","@id":"https:\/\/marinaportoantico.it\/fr\/#\/schema\/logo\/image\/","url":"https:\/\/marinaportoantico.it\/wp-content\/uploads\/2023\/02\/Logo-Marina-Porto-Antico.png","contentUrl":"https:\/\/marinaportoantico.it\/wp-content\/uploads\/2023\/02\/Logo-Marina-Porto-Antico.png","width":250,"height":150,"caption":"Marina Porto Antico"},"image":{"@id":"https:\/\/marinaportoantico.it\/fr\/#\/schema\/logo\/image\/"},"sameAs":["https:\/\/www.facebook.com\/Marina.di.Genova\/","https:\/\/www.linkedin.com\/in\/marina-porto-antico-81394387\/","https:\/\/www.instagram.com\/marina_porto_antico\/"]},{"@type":"Person","@id":"https:\/\/marinaportoantico.it\/fr\/#\/schema\/person\/f5c4f6b0806652b1e6a1ebca6009dace","name":"Nicola Andreatta","image":{"@type":"ImageObject","inLanguage":"fr-FR","@id":"https:\/\/marinaportoantico.it\/fr\/#\/schema\/person\/image\/","url":"https:\/\/secure.gravatar.com\/avatar\/2546b1ebf2f07c470fb1e532572ff848fe6c343b1d8e71124ded175525dc65a2?s=96&d=mm&r=g","contentUrl":"https:\/\/secure.gravatar.com\/avatar\/2546b1ebf2f07c470fb1e532572ff848fe6c343b1d8e71124ded175525dc65a2?s=96&d=mm&r=g","caption":"Nicola Andreatta"}}]}},"_links":{"self":[{"href":"https:\/\/marinaportoantico.it\/fr\/wp-json\/wp\/v2\/posts\/27469","targetHints":{"allow":["GET"]}}],"collection":[{"href":"https:\/\/marinaportoantico.it\/fr\/wp-json\/wp\/v2\/posts"}],"about":[{"href":"https:\/\/marinaportoantico.it\/fr\/wp-json\/wp\/v2\/types\/post"}],"author":[{"embeddable":true,"href":"https:\/\/marinaportoantico.it\/fr\/wp-json\/wp\/v2\/users\/5"}],"replies":[{"embeddable":true,"href":"https:\/\/marinaportoantico.it\/fr\/wp-json\/wp\/v2\/comments?post=27469"}],"version-history":[{"count":1,"href":"https:\/\/marinaportoantico.it\/fr\/wp-json\/wp\/v2\/posts\/27469\/revisions"}],"predecessor-version":[{"id":27470,"href":"https:\/\/marinaportoantico.it\/fr\/wp-json\/wp\/v2\/posts\/27469\/revisions\/27470"}],"wp:featuredmedia":[{"embeddable":true,"href":"https:\/\/marinaportoantico.it\/fr\/wp-json\/wp\/v2\/media\/27426"}],"wp:attachment":[{"href":"https:\/\/marinaportoantico.it\/fr\/wp-json\/wp\/v2\/media?parent=27469"}],"wp:term":[{"taxonomy":"category","embeddable":true,"href":"https:\/\/marinaportoantico.it\/fr\/wp-json\/wp\/v2\/categories?post=27469"},{"taxonomy":"post_tag","embeddable":true,"href":"https:\/\/marinaportoantico.it\/fr\/wp-json\/wp\/v2\/tags?post=27469"}],"curies":[{"name":"wp","href":"https:\/\/api.w.org\/{rel}","templated":true}]}}